{"id":2462,"date":"2022-11-22T08:44:23","date_gmt":"2022-11-22T07:44:23","guid":{"rendered":"https:\/\/personal-polen.de\/?p=2462"},"modified":"2025-05-16T18:57:54","modified_gmt":"2025-05-16T16:57:54","slug":"brigadnici-v-stavebnictve","status":"publish","type":"post","link":"https:\/\/personal-polen.de\/sk\/2022\/11\/22\/brigadnici-v-stavebnictve\/","title":{"rendered":"Do\u010dasn\u00ed pracovn\u00edci v stavebn\u00edctve"},"content":{"rendered":"<h2>Do\u010dasn\u00e1 pr\u00e1ca v stavebn\u00edctve<\/h2>\n<p>Kto s\u00fa do\u010dasn\u00ed pracovn\u00edci a ak\u00e9 s\u00fa pr\u00e1vne po\u017eiadavky na do\u010dasn\u00fa pr\u00e1cu v stavebn\u00edctve?<b><a href=\"https:\/\/personal-polen.de\/sk\/docasna-pracovna-sila-z-polska-a-vychodnej-europy\/\"> Do\u010dasn\u00ed pracovn\u00edci<\/a> alebo do\u010dasn\u00ed pracovn\u00edci <\/b>s\u00fa trvalo zamestnan\u00ed v\u00a0<b>Poskytovate\u013e person\u00e1lnych slu\u017eieb<\/b>\u00a0zamestnan\u00fd, ale pracuje pre in\u00fa spolo\u010dnos\u0165, a to\u00a0<b>Klientsk\u00e1 spolo\u010dnos\u0165 poskytovate\u013ea person\u00e1lnych slu\u017eieb<\/b>. Budete ma\u0165 r\u00f4zne \u00falohy v r\u00f4znych klientskych spolo\u010dnostiach. Do\u010dasn\u00e1 pr\u00e1ca v stavebn\u00edctve je \u010doraz popul\u00e1rnej\u0161ia z d\u00f4vodu rast\u00faceho nedostatku kvalifikovanej pracovnej sily v Nemecku. Mnoh\u00ed brig\u00e1dnici s\u00fa maliari, sadrokarton\u00e1ri, <a href=\"https:\/\/personal-polen.de\/sk\/2022\/11\/21\/obkladaci-z-polska\/\">Obklada\u010d<\/a> a\u00a0<a href=\"https:\/\/personal-polen.de\/sk\/2022\/11\/21\/obkladaci-z-polska\/\">Strech\u00e1ri<\/a> poch\u00e1dzaj\u00fa z Po\u013eska. Nedostatok zamestnancov v stavebn\u00edctve sa d\u00e1 flexibilne preklen\u00fa\u0165 prostredn\u00edctvom do\u010dasnej pr\u00e1ce s pomocou po\u013esk\u00fdch remeseln\u00edkov.<\/p>\n<p>Mnoh\u00e9 nemeck\u00e9 stavebn\u00e9 spolo\u010dnosti vyu\u017e\u00edvaj\u00fa model do\u010dasn\u00e9ho zamestn\u00e1vania, aby mohli pru\u017ene reagova\u0165 na zmeny na trhu. Bez oh\u013eadu na to, \u010di je to v d\u00f4sledku hospod\u00e1rskych v\u00fdkyvov, do\u010dasn\u00e9ho nedostatku zamestnancov alebo do\u010dasn\u00fdch \u0161pi\u010diek v objedn\u00e1vkach, do\u010dasn\u00e1 pr\u00e1ca, najm\u00e4 v stavebn\u00edctve, m\u00f4\u017ee \u013eahko prekona\u0165 tak\u00fdto do\u010dasn\u00fd nedostatok zamestnancov.<\/p>\n<h3>Do\u010dasn\u00e9 zamestn\u00e1vanie v stavebn\u00edctve - \u010do treba zv\u00e1\u017ei\u0165?<\/h3>\n<p>V stavebn\u00edctve je snaha o flexibiln\u00e9 nasadenie pracovn\u00edkov e\u0161te silnej\u0161ia ako v in\u00fdch odvetviach. Av\u0161ak <a href=\"https:\/\/personal-polen.de\/sk\/pracovny-lizing-z-polska\/\">Zamestnaneck\u00fd l\u00edzing<\/a> V stavebn\u00edctve sa musia dodr\u017eiava\u0165 osobitn\u00e9 pravidl\u00e1.<br \/>\nDo\u010dasn\u00e9 zamestn\u00e1vanie prostredn\u00edctvom tradi\u010dnej agent\u00fary do\u010dasn\u00e9ho zamestn\u00e1vania v stavebn\u00edctve nie je povolen\u00e9 pod\u013ea <a href=\"https:\/\/www.gesetze-im-internet.de\/a_g\/__1b.html\">\u00a7 1b A\u00dcG<\/a> (pren\u00e1jom pracovnej sily) je pr\u00edsne zak\u00e1zan\u00fd.<\/p>\n<p>Do\u010dasn\u00e1 pr\u00e1ca v stavebn\u00edctve je povolen\u00e1 len vtedy, ak sa vykon\u00e1va v\u00fdlu\u010dne medzi <strong>Spolo\u010dnosti v stavebn\u00edctve<\/strong> sa kon\u00e1. Okrem toho sa A\u00dcG m\u00f4\u017ee prev\u00e1dzkova\u0165 len v piatich tarifn\u00fdch oblastiach v\u00fdstavby, a to: <b>Stavebn\u00edctvo<\/b>, <b>Pokr\u00fdva\u010dstvo, <\/b><b>Demola\u010dn\u00e9 pr\u00e1ce<\/b>,\u00a0<b>Obchod s le\u0161en\u00edm<\/b>\u00a0a\u00a0<b>Z\u00e1hradn\u00e9 a krajinn\u00e9 \u00fapravy.<\/b> To znamen\u00e1, \u017ee len le\u0161en\u00e1rska spolo\u010dnos\u0165 m\u00f4\u017ee po\u017ei\u010diava\u0165 pracovn\u00edkov le\u0161en\u00e1rskej spolo\u010dnosti.<\/p>\n<h3>Do\u010dasn\u00ed pracovn\u00edci v stavebn\u00edctve - ak\u00e9 s\u00fa probl\u00e9my v praxi?<\/h3>\n<p>Do\u010dasn\u00e1 pr\u00e1ca v stavebn\u00edctve \u010del\u00ed mnoh\u00fdm v\u00fdzvam, preto\u017ee do\u010dasn\u00e9 zamestn\u00e1vanie v stavebn\u00edctve je pr\u00e1vne povolen\u00e9 len za ve\u013emi pr\u00edsnych podmienok - najm\u00e4 preto, \u017ee prenaj\u00edmate\u013e aj n\u00e1jomca musia by\u0165 spolo\u010dnos\u0165ami v tom istom stavebnom odvetv\u00ed.<\/p>\n<h3>\u010co je to z\u00e1sada rovnak\u00e9ho zaobch\u00e1dzania?<\/h3>\n<p>Od z\u00e1sady rovnak\u00e9ho zaobch\u00e1dzania v stavebn\u00edctve sa mo\u017eno odch\u00fdli\u0165 v s\u00falade s \u00a7 8 ods. 2 A\u00dcG uplatnen\u00edm kolekt\u00edvnej zmluvy na do\u010dasn\u00fa pr\u00e1cu - ale len na obdobie do deviatich mesiacov. To umo\u017e\u0148uje agent\u00fare do\u010dasn\u00e9ho zamestn\u00e1vania flexibilne a v kr\u00e1tkom \u010dase rozmiestni\u0165 zamestnancov. V stavebn\u00edctve sa mus\u00ed pren\u00e1jom pracovnej sily vykon\u00e1va\u0165 v\u00fdlu\u010dne na z\u00e1klade rovnak\u00e9ho zaobch\u00e1dzania. To znamen\u00e1, \u017ee agent\u00fara do\u010dasn\u00e9ho zamestn\u00e1vania mus\u00ed svojim zamestnancom poskytn\u00fa\u0165 porovnate\u013en\u00e9 pracovn\u00e9 podmienky po\u010das cel\u00e9ho trvania pridelenia.<\/p>\n<h2>A\u00dcG v stavebn\u00edctve - s nami ako partnerom<\/h2>\n<p><a href=\"https:\/\/zeitarbeit-international.de\/\">Do\u010dasn\u00e1 pr\u00e1ca v zahrani\u010d\u00ed<\/a> sa \u0161pecializuje na do\u010dasn\u00e9 zamestn\u00e1vanie v stavebn\u00edctve. Umiest\u0148ujeme t\u00fdch najlep\u0161\u00edch <a href=\"https:\/\/personal-polen.de\/sk\/2022\/01\/13\/pokryvac-polsko\/\">Strech\u00e1ri<\/a>,\u00a0<a href=\"https:\/\/personal-polen.de\/sk\/\">Remeseln\u00edci z Po\u013eska<\/a>, <a href=\"https:\/\/personal-polen.de\/sk\/docasna-pracovna-sila-z-polska-a-vychodnej-europy\/\">Do\u010dasn\u00ed pracovn\u00edci<\/a> a <a href=\"https:\/\/personal-polen.de\/sk\/hlada-sa-subdodavatel\/\">Subdod\u00e1vate\u013e<\/a> pre stavebn\u00e9 profesie z Po\u013eska a v\u00fdchodnej Eur\u00f3py na renov\u00e1ciu, interi\u00e9rov\u00e9 pr\u00e1ce, v\u00fdstavbu budov a in\u017einierske stavby, v\u00fdstavbu ciest alebo mostov:<\/p>\n<ul>\n<li>Mur\u00e1r<\/li>\n<li>\u017delezobet\u00f3nov\u00fd kon\u0161trukt\u00e9r<\/li>\n<li>Stavite\u013e ciest<\/li>\n<li>Stavitelia sadrokart\u00f3nov\u00fdch dosiek<\/li>\n<li>Le\u0161enie<\/li>\n<li>Stol\u00e1ri<\/li>\n<li>In\u0161talat\u00e9r<\/li>\n<li>Stavebn\u00fd robotn\u00edk<\/li>\n<li>Pomocn\u00edk pri stavbe<\/li>\n<li>Podlahov\u00e1 vrstva parkiet<\/li>\n<li><a href=\"https:\/\/personal-polen.de\/sk\/2022\/01\/13\/pokryvac-polsko\/\">Strech\u00e1ri<\/a><\/li>\n<li><a href=\"https:\/\/personal-polen.de\/sk\/2022\/11\/21\/obkladaci-z-polska\/\">Obklada\u010d<\/a><\/li>\n<\/ul>\n<p>Sme v\u00e1m k dispoz\u00edcii na poradenstvo vo v\u0161etk\u00fdch pr\u00e1vnych ot\u00e1zkach t\u00fdkaj\u00facich sa poskytovania do\u010dasn\u00fdch pracovn\u00edkov v stavebn\u00edctve. Spolo\u010dne s vami vypracujeme pracovn\u00e9 zmluvy a zmluvy o do\u010dasnom zamestn\u00e1van\u00ed. Na\u0161i odborn\u00edci v\u00e1m tie\u017e poradia v individu\u00e1lnych ot\u00e1zkach t\u00fdkaj\u00facich sa uplat\u0148ovania kolekt\u00edvneho vyjedn\u00e1vania a z\u00e1konn\u00fdch predpisov o poskytovan\u00ed do\u010dasn\u00fdch pracovn\u00edkov. Obr\u00e1\u0165te sa na n\u00e1s a spo\u013eahnite sa na na\u0161e sk\u00fasenosti a kompetencie.<\/p>\n<h3>Po\u013esk\u00ed subdod\u00e1vatelia<\/h3>\n<p>H\u013ead\u00e1te pre svoju stavebn\u00fa firmu subdod\u00e1vate\u013esk\u00e9 t\u00edmy? \u010ci u\u017e potrebujete \u017eeriavnikov, mur\u00e1rov, debniarov, obklada\u010dov, tes\u00e1rov, k\u00faren\u00e1rov, majstrov, in\u0161talat\u00e9rov, tes\u00e1rov, elektrik\u00e1rov, klampiarov, stol\u00e1rov a \u010fal\u0161ie pr\u00edbuzn\u00e9 stavebn\u00e9 a remeseln\u00e9 profesie - sme ten spr\u00e1vny kontakt pre v\u0161etky va\u0161e potreby n\u00e1boru subdod\u00e1vate\u013eov.<\/p>\n<p><a href=\"https:\/\/personal-polen.de\/sk\/personalna-agentura-pre-stavebnictvo\/\">Viac inform\u00e1ci\u00ed &gt;&gt;&gt;\u00a0<\/a><\/p>\n<h2>Kontaktujte n\u00e1s: <a href=\"tel:+491727477707\">+49 172 7477707<\/a><\/h2>\n<p><strong><span style=\"color: #800000;\"><a style=\"color: #800000;\" href=\"https:\/\/personal-polen.de\/sk\/kontakt\/\">Na str\u00e1nku s kontaktmi&gt;&gt;&gt;<\/a><\/span><\/strong><\/p>\n<p>&nbsp;<\/p>","protected":false},"excerpt":{"rendered":"<p>Do\u010dasn\u00e1 pr\u00e1ca v stavebn\u00edctve Kto s\u00fa do\u010dasn\u00ed pracovn\u00edci a ak\u00e9 s\u00fa pr\u00e1vne po\u017eiadavky na do\u010dasn\u00fa pr\u00e1cu v stavebn\u00edctve? Do\u010dasn\u00ed pracovn\u00edci s\u00fa trvalo zamestnan\u00ed u poskytovate\u013ea person\u00e1lnych slu\u017eieb, ale pracuj\u00fa pre in\u00fa spolo\u010dnos\u0165, konkr\u00e9tne pre klientsk\u00fa spolo\u010dnos\u0165 poskytovate\u013ea person\u00e1lnych slu\u017eieb. Menia sa ich \u00falohy v r\u00f4znych klientskych spolo\u010dnostiach. Do\u010dasn\u00e1 pr\u00e1ca v stavebn\u00edctve nadob\u00fada \u010doraz v\u00e4\u010d\u0161\u00ed v\u00fdznam z d\u00f4vodu rast\u00faceho nedostatku kvalifikovanej pracovnej sily v [...]<\/p>","protected":false},"author":13,"featured_media":366,"comment_status":"closed","ping_status":"open","sticky":false,"template":"","format":"standard","meta":{"footnotes":""},"categories":[39],"tags":[],"class_list":["post-2462","post","type-post","status-publish","format-standard","has-post-thumbnail","hentry","category-handwerker"],"yoast_head":"<!-- This site is optimized with the Yoast SEO Premium plugin v26.4 (Yoast SEO v26.4) - https:\/\/yoast.com\/wordpress\/plugins\/seo\/ -->\n<title>Leiharbeiter Baugewerbe - Top Handwerker aus Polen<\/title>\n<meta name=\"description\" content=\"Zeitarbeit im Baugewerbe - rechtliche Herausforderungen f\u00fcr die Arbeitnehmer\u00fcberlassung - Leiharbeiter Handwerker aus Polen\" \/>\n<meta name=\"robots\" content=\"index, follow, max-snippet:-1, max-image-preview:large, max-video-preview:-1\" \/>\n<link rel=\"canonical\" href=\"https:\/\/personal-polen.de\/sk\/2022\/11\/22\/brigadnici-v-stavebnictve\/\" \/>\n<meta property=\"og:locale\" content=\"sk_SK\" \/>\n<meta property=\"og:type\" content=\"article\" \/>\n<meta property=\"og:title\" content=\"Leiharbeiter Baugewerbe\" \/>\n<meta property=\"og:description\" content=\"Zeitarbeit im Baugewerbe - rechtliche Herausforderungen f\u00fcr die Arbeitnehmer\u00fcberlassung - Leiharbeiter Handwerker aus Polen\" \/>\n<meta property=\"og:url\" content=\"https:\/\/personal-polen.de\/sk\/2022\/11\/22\/brigadnici-v-stavebnictve\/\" \/>\n<meta property=\"og:site_name\" content=\"Personal aus Polen\" \/>\n<meta property=\"article:published_time\" content=\"2022-11-22T07:44:23+00:00\" \/>\n<meta property=\"article:modified_time\" content=\"2025-05-16T16:57:54+00:00\" \/>\n<meta property=\"og:image\" content=\"https:\/\/personal-polen.de\/wp-content\/uploads\/2021\/09\/construction-3384689_1920.jpg\" \/>\n\t<meta property=\"og:image:width\" content=\"1920\" \/>\n\t<meta property=\"og:image:height\" content=\"1280\" \/>\n\t<meta property=\"og:image:type\" content=\"image\/jpeg\" \/>\n<meta name=\"author\" content=\"Redaktion\" \/>\n<meta name=\"twitter:card\" content=\"summary_large_image\" \/>\n<meta name=\"twitter:label1\" content=\"Autor\" \/>\n\t<meta name=\"twitter:data1\" content=\"Redaktion\" \/>\n\t<meta name=\"twitter:label2\" content=\"Predpokladan\u00fd \u010das \u010d\u00edtania\" \/>\n\t<meta name=\"twitter:data2\" content=\"4 min\u00faty\" \/>\n<script type=\"application\/ld+json\" class=\"yoast-schema-graph\">{\"@context\":\"https:\/\/schema.org\",\"@graph\":[{\"@type\":\"Article\",\"@id\":\"https:\/\/personal-polen.de\/2022\/11\/22\/leiharbeiter-baugewerbe\/#article\",\"isPartOf\":{\"@id\":\"https:\/\/personal-polen.de\/2022\/11\/22\/leiharbeiter-baugewerbe\/\"},\"author\":{\"name\":\"Redaktion\",\"@id\":\"https:\/\/personal-polen.de\/#\/schema\/person\/cc060cc282b90d581444e0570ce4ab16\"},\"headline\":\"Leiharbeiter Baugewerbe\",\"datePublished\":\"2022-11-22T07:44:23+00:00\",\"dateModified\":\"2025-05-16T16:57:54+00:00\",\"mainEntityOfPage\":{\"@id\":\"https:\/\/personal-polen.de\/2022\/11\/22\/leiharbeiter-baugewerbe\/\"},\"wordCount\":572,\"publisher\":{\"@id\":\"https:\/\/personal-polen.de\/#organization\"},\"image\":{\"@id\":\"https:\/\/personal-polen.de\/2022\/11\/22\/leiharbeiter-baugewerbe\/#primaryimage\"},\"thumbnailUrl\":\"https:\/\/personal-polen.de\/wp-content\/uploads\/2021\/09\/construction-3384689_1920.jpg\",\"articleSection\":[\"Handwerker\"],\"inLanguage\":\"sk-SK\"},{\"@type\":\"WebPage\",\"@id\":\"https:\/\/personal-polen.de\/2022\/11\/22\/leiharbeiter-baugewerbe\/\",\"url\":\"https:\/\/personal-polen.de\/2022\/11\/22\/leiharbeiter-baugewerbe\/\",\"name\":\"Leiharbeiter Baugewerbe - Top Handwerker aus Polen\",\"isPartOf\":{\"@id\":\"https:\/\/personal-polen.de\/#website\"},\"primaryImageOfPage\":{\"@id\":\"https:\/\/personal-polen.de\/2022\/11\/22\/leiharbeiter-baugewerbe\/#primaryimage\"},\"image\":{\"@id\":\"https:\/\/personal-polen.de\/2022\/11\/22\/leiharbeiter-baugewerbe\/#primaryimage\"},\"thumbnailUrl\":\"https:\/\/personal-polen.de\/wp-content\/uploads\/2021\/09\/construction-3384689_1920.jpg\",\"datePublished\":\"2022-11-22T07:44:23+00:00\",\"dateModified\":\"2025-05-16T16:57:54+00:00\",\"description\":\"Zeitarbeit im Baugewerbe - rechtliche Herausforderungen f\u00fcr die Arbeitnehmer\u00fcberlassung - Leiharbeiter Handwerker aus Polen\",\"breadcrumb\":{\"@id\":\"https:\/\/personal-polen.de\/2022\/11\/22\/leiharbeiter-baugewerbe\/#breadcrumb\"},\"inLanguage\":\"sk-SK\",\"potentialAction\":[{\"@type\":\"ReadAction\",\"target\":[\"https:\/\/personal-polen.de\/2022\/11\/22\/leiharbeiter-baugewerbe\/\"]}]},{\"@type\":\"ImageObject\",\"inLanguage\":\"sk-SK\",\"@id\":\"https:\/\/personal-polen.de\/2022\/11\/22\/leiharbeiter-baugewerbe\/#primaryimage\",\"url\":\"https:\/\/personal-polen.de\/wp-content\/uploads\/2021\/09\/construction-3384689_1920.jpg\",\"contentUrl\":\"https:\/\/personal-polen.de\/wp-content\/uploads\/2021\/09\/construction-3384689_1920.jpg\",\"width\":1920,\"height\":1280,\"caption\":\"leiharbeiter baugewerbe\"},{\"@type\":\"BreadcrumbList\",\"@id\":\"https:\/\/personal-polen.de\/2022\/11\/22\/leiharbeiter-baugewerbe\/#breadcrumb\",\"itemListElement\":[{\"@type\":\"ListItem\",\"position\":1,\"name\":\"Startseite\",\"item\":\"https:\/\/personal-polen.de\/\"},{\"@type\":\"ListItem\",\"position\":2,\"name\":\"Leiharbeiter Baugewerbe\"}]},{\"@type\":\"WebSite\",\"@id\":\"https:\/\/personal-polen.de\/#website\",\"url\":\"https:\/\/personal-polen.de\/\",\"name\":\"Personal aus Polen\",\"description\":\"Ihr Spezialist f\u00fcr Handwerker und Subunternehmer aus Polen\",\"publisher\":{\"@id\":\"https:\/\/personal-polen.de\/#organization\"},\"potentialAction\":[{\"@type\":\"SearchAction\",\"target\":{\"@type\":\"EntryPoint\",\"urlTemplate\":\"https:\/\/personal-polen.de\/?s={search_term_string}\"},\"query-input\":{\"@type\":\"PropertyValueSpecification\",\"valueRequired\":true,\"valueName\":\"search_term_string\"}}],\"inLanguage\":\"sk-SK\"},{\"@type\":\"Organization\",\"@id\":\"https:\/\/personal-polen.de\/#organization\",\"name\":\"Personal aus Polen\",\"url\":\"https:\/\/personal-polen.de\/\",\"logo\":{\"@type\":\"ImageObject\",\"inLanguage\":\"sk-SK\",\"@id\":\"https:\/\/personal-polen.de\/#\/schema\/logo\/image\/\",\"url\":\"https:\/\/personal-polen.de\/wp-content\/uploads\/2019\/02\/pal_logo_2.png\",\"contentUrl\":\"https:\/\/personal-polen.de\/wp-content\/uploads\/2019\/02\/pal_logo_2.png\",\"width\":250,\"height\":100,\"caption\":\"Personal aus Polen\"},\"image\":{\"@id\":\"https:\/\/personal-polen.de\/#\/schema\/logo\/image\/\"}},{\"@type\":\"Person\",\"@id\":\"https:\/\/personal-polen.de\/#\/schema\/person\/cc060cc282b90d581444e0570ce4ab16\",\"name\":\"Redaktion\"}]}<\/script>\n<!-- \/ Yoast SEO Premium plugin. -->","yoast_head_json":{"title":"Do\u010dasn\u00ed pracovn\u00edci v stavebn\u00edctve - \u0161pi\u010dkov\u00ed remeseln\u00edci z Po\u013eska","description":"Do\u010dasn\u00e1 pr\u00e1ca v stavebn\u00edctve - pr\u00e1vne probl\u00e9my do\u010dasn\u00fdch pracovn\u00edkov - Do\u010dasn\u00ed pracovn\u00edci z Po\u013eska","robots":{"index":"index","follow":"follow","max-snippet":"max-snippet:-1","max-image-preview":"max-image-preview:large","max-video-preview":"max-video-preview:-1"},"canonical":"https:\/\/personal-polen.de\/sk\/2022\/11\/22\/brigadnici-v-stavebnictve\/","og_locale":"sk_SK","og_type":"article","og_title":"Leiharbeiter Baugewerbe","og_description":"Zeitarbeit im Baugewerbe - rechtliche Herausforderungen f\u00fcr die Arbeitnehmer\u00fcberlassung - Leiharbeiter Handwerker aus Polen","og_url":"https:\/\/personal-polen.de\/sk\/2022\/11\/22\/brigadnici-v-stavebnictve\/","og_site_name":"Personal aus Polen","article_published_time":"2022-11-22T07:44:23+00:00","article_modified_time":"2025-05-16T16:57:54+00:00","og_image":[{"width":1920,"height":1280,"url":"https:\/\/personal-polen.de\/wp-content\/uploads\/2021\/09\/construction-3384689_1920.jpg","type":"image\/jpeg"}],"author":"Redaktion","twitter_card":"summary_large_image","twitter_misc":{"Autor":"Redaktion","Predpokladan\u00fd \u010das \u010d\u00edtania":"4 min\u00faty"},"schema":{"@context":"https:\/\/schema.org","@graph":[{"@type":"Article","@id":"https:\/\/personal-polen.de\/2022\/11\/22\/leiharbeiter-baugewerbe\/#article","isPartOf":{"@id":"https:\/\/personal-polen.de\/2022\/11\/22\/leiharbeiter-baugewerbe\/"},"author":{"name":"Redaktion","@id":"https:\/\/personal-polen.de\/#\/schema\/person\/cc060cc282b90d581444e0570ce4ab16"},"headline":"Leiharbeiter Baugewerbe","datePublished":"2022-11-22T07:44:23+00:00","dateModified":"2025-05-16T16:57:54+00:00","mainEntityOfPage":{"@id":"https:\/\/personal-polen.de\/2022\/11\/22\/leiharbeiter-baugewerbe\/"},"wordCount":572,"publisher":{"@id":"https:\/\/personal-polen.de\/#organization"},"image":{"@id":"https:\/\/personal-polen.de\/2022\/11\/22\/leiharbeiter-baugewerbe\/#primaryimage"},"thumbnailUrl":"https:\/\/personal-polen.de\/wp-content\/uploads\/2021\/09\/construction-3384689_1920.jpg","articleSection":["Handwerker"],"inLanguage":"sk-SK"},{"@type":"WebPage","@id":"https:\/\/personal-polen.de\/2022\/11\/22\/leiharbeiter-baugewerbe\/","url":"https:\/\/personal-polen.de\/2022\/11\/22\/leiharbeiter-baugewerbe\/","name":"Do\u010dasn\u00ed pracovn\u00edci v stavebn\u00edctve - \u0161pi\u010dkov\u00ed remeseln\u00edci z Po\u013eska","isPartOf":{"@id":"https:\/\/personal-polen.de\/#website"},"primaryImageOfPage":{"@id":"https:\/\/personal-polen.de\/2022\/11\/22\/leiharbeiter-baugewerbe\/#primaryimage"},"image":{"@id":"https:\/\/personal-polen.de\/2022\/11\/22\/leiharbeiter-baugewerbe\/#primaryimage"},"thumbnailUrl":"https:\/\/personal-polen.de\/wp-content\/uploads\/2021\/09\/construction-3384689_1920.jpg","datePublished":"2022-11-22T07:44:23+00:00","dateModified":"2025-05-16T16:57:54+00:00","description":"Do\u010dasn\u00e1 pr\u00e1ca v stavebn\u00edctve - pr\u00e1vne probl\u00e9my do\u010dasn\u00fdch pracovn\u00edkov - Do\u010dasn\u00ed pracovn\u00edci z Po\u013eska","breadcrumb":{"@id":"https:\/\/personal-polen.de\/2022\/11\/22\/leiharbeiter-baugewerbe\/#breadcrumb"},"inLanguage":"sk-SK","potentialAction":[{"@type":"ReadAction","target":["https:\/\/personal-polen.de\/2022\/11\/22\/leiharbeiter-baugewerbe\/"]}]},{"@type":"ImageObject","inLanguage":"sk-SK","@id":"https:\/\/personal-polen.de\/2022\/11\/22\/leiharbeiter-baugewerbe\/#primaryimage","url":"https:\/\/personal-polen.de\/wp-content\/uploads\/2021\/09\/construction-3384689_1920.jpg","contentUrl":"https:\/\/personal-polen.de\/wp-content\/uploads\/2021\/09\/construction-3384689_1920.jpg","width":1920,"height":1280,"caption":"leiharbeiter baugewerbe"},{"@type":"BreadcrumbList","@id":"https:\/\/personal-polen.de\/2022\/11\/22\/leiharbeiter-baugewerbe\/#breadcrumb","itemListElement":[{"@type":"ListItem","position":1,"name":"Startseite","item":"https:\/\/personal-polen.de\/"},{"@type":"ListItem","position":2,"name":"Leiharbeiter Baugewerbe"}]},{"@type":"WebSite","@id":"https:\/\/personal-polen.de\/#website","url":"https:\/\/personal-polen.de\/","name":"Zamestnanci z Po\u013eska","description":"V\u00e1\u0161 \u0161pecialista na remeseln\u00edkov a subdod\u00e1vate\u013eov z Po\u013eska","publisher":{"@id":"https:\/\/personal-polen.de\/#organization"},"potentialAction":[{"@type":"SearchAction","target":{"@type":"EntryPoint","urlTemplate":"https:\/\/personal-polen.de\/?s={search_term_string}"},"query-input":{"@type":"PropertyValueSpecification","valueRequired":true,"valueName":"search_term_string"}}],"inLanguage":"sk-SK"},{"@type":"Organization","@id":"https:\/\/personal-polen.de\/#organization","name":"Zamestnanci z Po\u013eska","url":"https:\/\/personal-polen.de\/","logo":{"@type":"ImageObject","inLanguage":"sk-SK","@id":"https:\/\/personal-polen.de\/#\/schema\/logo\/image\/","url":"https:\/\/personal-polen.de\/wp-content\/uploads\/2019\/02\/pal_logo_2.png","contentUrl":"https:\/\/personal-polen.de\/wp-content\/uploads\/2019\/02\/pal_logo_2.png","width":250,"height":100,"caption":"Personal aus Polen"},"image":{"@id":"https:\/\/personal-polen.de\/#\/schema\/logo\/image\/"}},{"@type":"Person","@id":"https:\/\/personal-polen.de\/#\/schema\/person\/cc060cc282b90d581444e0570ce4ab16","name":"Redakcia"}]}},"_links":{"self":[{"href":"https:\/\/personal-polen.de\/sk\/wp-json\/wp\/v2\/posts\/2462","targetHints":{"allow":["GET"]}}],"collection":[{"href":"https:\/\/personal-polen.de\/sk\/wp-json\/wp\/v2\/posts"}],"about":[{"href":"https:\/\/personal-polen.de\/sk\/wp-json\/wp\/v2\/types\/post"}],"author":[{"embeddable":true,"href":"https:\/\/personal-polen.de\/sk\/wp-json\/wp\/v2\/users\/13"}],"replies":[{"embeddable":true,"href":"https:\/\/personal-polen.de\/sk\/wp-json\/wp\/v2\/comments?post=2462"}],"version-history":[{"count":2,"href":"https:\/\/personal-polen.de\/sk\/wp-json\/wp\/v2\/posts\/2462\/revisions"}],"predecessor-version":[{"id":4128,"href":"https:\/\/personal-polen.de\/sk\/wp-json\/wp\/v2\/posts\/2462\/revisions\/4128"}],"wp:featuredmedia":[{"embeddable":true,"href":"https:\/\/personal-polen.de\/sk\/wp-json\/wp\/v2\/media\/366"}],"wp:attachment":[{"href":"https:\/\/personal-polen.de\/sk\/wp-json\/wp\/v2\/media?parent=2462"}],"wp:term":[{"taxonomy":"category","embeddable":true,"href":"https:\/\/personal-polen.de\/sk\/wp-json\/wp\/v2\/categories?post=2462"},{"taxonomy":"post_tag","embeddable":true,"href":"https:\/\/personal-polen.de\/sk\/wp-json\/wp\/v2\/tags?post=2462"}],"curies":[{"name":"wp","href":"https:\/\/api.w.org\/{rel}","templated":true}]}}