{"id":2871,"date":"2024-05-16T14:05:43","date_gmt":"2024-05-16T12:05:43","guid":{"rendered":"https:\/\/personal-polen.de\/?p=2871"},"modified":"2025-09-21T16:14:02","modified_gmt":"2025-09-21T14:14:02","slug":"pravny-ramec-pre-odbornikov-zo-zahranicia","status":"publish","type":"post","link":"https:\/\/personal-polen.de\/sk\/2024\/05\/16\/pravny-ramec-pre-odbornikov-zo-zahranicia\/","title":{"rendered":"\u0160pecialisti zo zahrani\u010dia"},"content":{"rendered":"<h2>Pr\u00e1vny r\u00e1mec a v\u00edzov\u00e9 predpisy<\/h2>\n<p>V s\u00fa\u010dasnosti je pre nemeck\u00e9 podniky be\u017en\u00e9 zamestn\u00e1va\u0165 kvalifikovan\u00fdch pracovn\u00edkov zo zahrani\u010dia.<br \/>\nUmo\u017enila to v\u0161ak glob\u00e1lna mobilita a nedostatok kvalifikovanej pracovnej sily v Nemecku.<\/p>\n<p>V\u010faka dobr\u00fdm znalostiam pr\u00e1vneho r\u00e1mca a v\u00edzov\u00fdch po\u017eiadaviek m\u00f4\u017eu spolo\u010dnosti \u00faspe\u0161ne organizova\u0165 zamestn\u00e1vanie zahrani\u010dn\u00fdch kvalifikovan\u00fdch pracovn\u00edkov. D\u00f4le\u017eit\u00e9 je aj d\u00f4kladn\u00e9 pl\u00e1novanie. Len tak je mo\u017en\u00e9 \u00faspe\u0161ne zamestna\u0165 zahrani\u010dn\u00fdch kvalifikovan\u00fdch pracovn\u00edkov.<\/p>\n<h2><strong>Ak\u00fd je pr\u00e1vny r\u00e1mec pre zamestn\u00e1vanie zahrani\u010dn\u00fdch kvalifikovan\u00fdch pracovn\u00edkov?<\/strong><strong>fte<\/strong><strong> v Nemecku?<\/strong><\/h2>\n<p>V Nemecku je pr\u00e1vny r\u00e1mec pre zamestn\u00e1vanie zahrani\u010dn\u00fdch kvalifikovan\u00fdch pracovn\u00edkov stanoven\u00fd v r\u00f4znych z\u00e1konoch a vyhl\u00e1\u0161kach.<\/p>\n<p><strong>Z\u00e1kon o pobyte (AufenthG)<\/strong><\/p>\n<p>Z\u00e1kon o pobyte upravuje pobyt cudzincov v Nemecku a obsahuje ustanovenia o vstupe, pobyte a zamestn\u00e1van\u00ed zahrani\u010dn\u00fdch kvalifikovan\u00fdch pracovn\u00edkov. Rozli\u0161uje r\u00f4zne pobytov\u00e9 tituly, o ktor\u00e9 mo\u017eno po\u017eiada\u0165 v z\u00e1vislosti od \u00fa\u010delu pobytu, vr\u00e1tane v\u00edz na h\u013eadanie pr\u00e1ce, modrej karty E\u00da pre vysokokvalifikovan\u00fdch pracovn\u00edkov a povolenia na pobyt pre kvalifikovan\u00fdch pracovn\u00edkov.<\/p>\n<p><strong>Zamestnanie<\/strong><strong>\u00f6<\/strong><strong>Z\u00e1kon o podpore (BeschFG)<\/strong><\/p>\n<p>Cie\u013eom z\u00e1kona o podpore zamestnanosti je podporova\u0165 a u\u013eah\u010dova\u0165 zamestn\u00e1vanie cudzincov v Nemecku. Obsahuje ustanovenia o pracovn\u00fdch povoleniach a zamestn\u00e1van\u00ed zahrani\u010dn\u00fdch kvalifikovan\u00fdch pracovn\u00edkov vr\u00e1tane po\u017eiadaviek a postupov pri ude\u013eovan\u00ed pracovn\u00fdch povolen\u00ed a do\u010dasnom zamestn\u00e1van\u00ed.<\/p>\n<p><strong>Z\u00e1kon o pris\u0165ahovalectve kvalifikovanej pracovnej sily (FEG)<\/strong><\/p>\n<p>Z\u00e1kon o pris\u0165ahovalectve kvalifikovan\u00fdch pracovn\u00edkov upravuje pris\u0165ahovalectvo kvalifikovan\u00fdch pracovn\u00edkov z kraj\u00edn mimo E\u00da do Nemecka a u\u013eah\u010duje pr\u00edstup vysokokvalifikovan\u00fdch pracovn\u00edkov na nemeck\u00fd trh pr\u00e1ce. Zjednodu\u0161uje postupy uzn\u00e1vania zahrani\u010dn\u00fdch kvalifik\u00e1ci\u00ed a u\u013eah\u010duje vstup a pobyt kvalifikovan\u00fdch pracovn\u00edkov. Upravuje tie\u017e podmienky pre povolenia na pobyt a modr\u00fa kartu E\u00da.<\/p>\n<h2><strong>Ak\u00e9 s\u00fa nariadenia a smernice?<\/strong><\/h2>\n<p>Okrem z\u00e1konov existuj\u00fa aj r\u00f4zne nariadenia a smernice spolkovej vl\u00e1dy a Eur\u00f3pskej \u00fanie, ktor\u00e9 upravuj\u00fa zamestn\u00e1vanie zahrani\u010dn\u00fdch kvalifikovan\u00fdch pracovn\u00edkov v Nemecku. Patr\u00ed medzi ne nariadenie o zamestnanosti, nariadenie o minim\u00e1lnej mzde, pr\u00e1vne predpisy o uzn\u00e1van\u00ed a smernice E\u00da o slobode pohybu a koordin\u00e1cii soci\u00e1lneho zabezpe\u010denia.<\/p>\n<h2 class=\"translation-block\"><strong>Ak\u00e9 s\u00fa V<\/strong><strong>isa <\/strong><strong>pravidl\u00e1 zamestn\u00e1vania zahrani\u010dn\u00fdch kvalifikovan\u00fdch pracovn\u00edkov v Nemecku?<\/h2>\n<p>V\u00edzov\u00e9 predpisy pre zamestn\u00e1vanie zahrani\u010dn\u00fdch kvalifikovan\u00fdch pracovn\u00edkov v Nemecku upravuje predov\u0161etk\u00fdm z\u00e1kon o pobyte (AufenthG). Tento z\u00e1kon upravuje pobyt cudzincov v Nemecku a obsahuje ustanovenia o vstupe, pobyte a zamestn\u00e1van\u00ed.<\/p>\n<h4><strong>Modr\u00e1 karta E\u00da<\/strong><\/h4>\n<p>Modr\u00e1 karta E\u00da je \u0161peci\u00e1lne pracovn\u00e9 v\u00edzum pre vysokokvalifikovan\u00fdch pracovn\u00edkov z kraj\u00edn mimo E\u00da. Na z\u00edskanie modrej karty E\u00da musia ma\u0165 \u017eiadatelia ukon\u010den\u00e9 vysoko\u0161kolsk\u00e9 vzdelanie, pracovn\u00fa zmluvu alebo z\u00e1v\u00e4zn\u00fa pracovn\u00fa ponuku v Nemecku a minim\u00e1lnu ro\u010dn\u00fa hrub\u00fa mzdu, ktor\u00e1 zodpoved\u00e1 1,5-n\u00e1sobku priemernej hrubej mzdy v Nemecku.<\/p>\n<h4><strong>Povolenie na pobyt pre kvalifikovan\u00fdch pracovn\u00edkov<\/strong><strong>fte<\/strong><\/h4>\n<p>Kvalifikovan\u00ed pracovn\u00edci, ktor\u00ed maj\u00fa v Nemecku pracovn\u00fa zmluvu alebo chc\u00fa nast\u00fapi\u0165 do zamestnania, m\u00f4\u017eu po\u017eiada\u0165 o povolenie na pobyt. Toto povolenie ich opr\u00e1v\u0148uje pracova\u0165 a \u017ei\u0165 v Nemecku. Na z\u00edskanie povolenia na pobyt musia preuk\u00e1za\u0165, \u017ee maj\u00fa potrebn\u00fa kvalifik\u00e1ciu pre svoju profesiu a \u017ee ich zamestn\u00e1vate\u013e po\u017eiadal o zamestnanie cudzincov a povolil ho.<\/p>\n<h3><strong>Potrebuje\u0161 pomoc?<\/strong><\/h3>\n<p>Na trhu p\u00f4sob\u00edme u\u017e viac ako 25 rokov a umiest\u0148ujeme kvalifikovan\u00fa a nekvalifikovan\u00fa pracovn\u00fa silu z v\u00fdchodnej Eur\u00f3py. Pom\u00f4\u017eeme v\u00e1m nielen n\u00e1js\u0165 vhodn\u00fdch zamestnancov, ale aj s ich papierov\u00fdm vybaven\u00edm.<\/p>\n<p><a href=\"https:\/\/personal-polen.de\/sk\/kontakt\/\">Kontaktujte n\u00e1s &gt;&gt;&gt;<\/a><\/p>\n<p>&nbsp;<\/p>","protected":false},"excerpt":{"rendered":"<p>Rechtliche Rahmenbedingungen und Visa-Bestimmungen Es ist in deutschen Unternehmen mittlerweile normal, Fachkr\u00e4fte aus dem Ausland n\u00e4mlich zu besch\u00e4ftigen. Weltweite Mobilit\u00e4t allerdings sowie der Mangel an Fachkr\u00e4ften im Inland haben das m\u00f6glich gemacht. Mit einem fundierten Verst\u00e4ndnis der rechtlichen Rahmenbedingungen und Visa-Bestimmungen k\u00f6nnen Unternehmen daher die Besch\u00e4ftigung ausl\u00e4ndischer Fachkr\u00e4fte erfolgreich gestalten. Eine sorgf\u00e4ltige Planung ist hierbei [&hellip;]<\/p>","protected":false},"author":13,"featured_media":1733,"comment_status":"closed","ping_status":"open","sticky":false,"template":"","format":"standard","meta":{"footnotes":""},"categories":[26,40,33,43,20],"tags":[],"class_list":["post-2871","post","type-post","status-publish","format-standard","has-post-thumbnail","hentry","category-arbeitnehmerueberlassung","category-entsendung","category-leiharbeiter","category-personalvermittlung","category-zeitarbeit"],"yoast_head":"<!-- This site is optimized with the Yoast SEO Premium plugin v26.4 (Yoast SEO v26.4) - https:\/\/yoast.com\/wordpress\/plugins\/seo\/ -->\n<title>Rechtliche Rahmenbedingungen f\u00fcr Fachkr\u00e4fte aus dem Ausland<\/title>\n<meta name=\"description\" content=\"Besch\u00e4ftigung ausl\u00e4ndischer Fachkr\u00e4fte in Deutschland: Erfahren Sie alles \u00fcber rechtliche Rahmenbedingungen, Visa-Bestimmungen\" \/>\n<meta name=\"robots\" content=\"index, follow, max-snippet:-1, max-image-preview:large, max-video-preview:-1\" \/>\n<link rel=\"canonical\" href=\"https:\/\/personal-polen.de\/sk\/2024\/05\/16\/pravny-ramec-pre-odbornikov-zo-zahranicia\/\" \/>\n<meta property=\"og:locale\" content=\"sk_SK\" \/>\n<meta property=\"og:type\" content=\"article\" \/>\n<meta property=\"og:title\" content=\"Fachkr\u00e4fte aus dem Ausland\" \/>\n<meta property=\"og:description\" content=\"Besch\u00e4ftigung ausl\u00e4ndischer Fachkr\u00e4fte in Deutschland: Erfahren Sie alles \u00fcber rechtliche Rahmenbedingungen, Visa-Bestimmungen\" \/>\n<meta property=\"og:url\" content=\"https:\/\/personal-polen.de\/sk\/2024\/05\/16\/pravny-ramec-pre-odbornikov-zo-zahranicia\/\" \/>\n<meta property=\"og:site_name\" content=\"Personal aus Polen\" \/>\n<meta property=\"article:published_time\" content=\"2024-05-16T12:05:43+00:00\" \/>\n<meta property=\"article:modified_time\" content=\"2025-09-21T14:14:02+00:00\" \/>\n<meta property=\"og:image\" content=\"https:\/\/personal-polen.de\/wp-content\/uploads\/2021\/11\/worker-g5b060a5c9_1920.jpg\" \/>\n\t<meta property=\"og:image:width\" content=\"1920\" \/>\n\t<meta property=\"og:image:height\" content=\"1280\" \/>\n\t<meta property=\"og:image:type\" content=\"image\/jpeg\" \/>\n<meta name=\"author\" content=\"Redaktion\" \/>\n<meta name=\"twitter:card\" content=\"summary_large_image\" \/>\n<meta name=\"twitter:label1\" content=\"Autor\" \/>\n\t<meta name=\"twitter:data1\" content=\"Redaktion\" \/>\n\t<meta name=\"twitter:label2\" content=\"Predpokladan\u00fd \u010das \u010d\u00edtania\" \/>\n\t<meta name=\"twitter:data2\" content=\"4 min\u00faty\" \/>\n<script type=\"application\/ld+json\" class=\"yoast-schema-graph\">{\"@context\":\"https:\/\/schema.org\",\"@graph\":[{\"@type\":\"Article\",\"@id\":\"https:\/\/personal-polen.de\/2024\/05\/16\/rechtliche-rahmenbedingungen-fuer-fachkraefte-aus-dem-ausland\/#article\",\"isPartOf\":{\"@id\":\"https:\/\/personal-polen.de\/2024\/05\/16\/rechtliche-rahmenbedingungen-fuer-fachkraefte-aus-dem-ausland\/\"},\"author\":{\"name\":\"Redaktion\",\"@id\":\"https:\/\/personal-polen.de\/#\/schema\/person\/cc060cc282b90d581444e0570ce4ab16\"},\"headline\":\"Fachkr\u00e4fte aus dem Ausland\",\"datePublished\":\"2024-05-16T12:05:43+00:00\",\"dateModified\":\"2025-09-21T14:14:02+00:00\",\"mainEntityOfPage\":{\"@id\":\"https:\/\/personal-polen.de\/2024\/05\/16\/rechtliche-rahmenbedingungen-fuer-fachkraefte-aus-dem-ausland\/\"},\"wordCount\":602,\"publisher\":{\"@id\":\"https:\/\/personal-polen.de\/#organization\"},\"image\":{\"@id\":\"https:\/\/personal-polen.de\/2024\/05\/16\/rechtliche-rahmenbedingungen-fuer-fachkraefte-aus-dem-ausland\/#primaryimage\"},\"thumbnailUrl\":\"https:\/\/personal-polen.de\/wp-content\/uploads\/2021\/11\/worker-g5b060a5c9_1920.jpg\",\"articleSection\":[\"Arbeitnehmer\u00fcberlassung\",\"Entsendung\",\"Leiharbeiter\",\"Personalvermittlung\",\"Zeitarbeit\"],\"inLanguage\":\"sk-SK\"},{\"@type\":\"WebPage\",\"@id\":\"https:\/\/personal-polen.de\/2024\/05\/16\/rechtliche-rahmenbedingungen-fuer-fachkraefte-aus-dem-ausland\/\",\"url\":\"https:\/\/personal-polen.de\/2024\/05\/16\/rechtliche-rahmenbedingungen-fuer-fachkraefte-aus-dem-ausland\/\",\"name\":\"Rechtliche Rahmenbedingungen f\u00fcr Fachkr\u00e4fte aus dem Ausland\",\"isPartOf\":{\"@id\":\"https:\/\/personal-polen.de\/#website\"},\"primaryImageOfPage\":{\"@id\":\"https:\/\/personal-polen.de\/2024\/05\/16\/rechtliche-rahmenbedingungen-fuer-fachkraefte-aus-dem-ausland\/#primaryimage\"},\"image\":{\"@id\":\"https:\/\/personal-polen.de\/2024\/05\/16\/rechtliche-rahmenbedingungen-fuer-fachkraefte-aus-dem-ausland\/#primaryimage\"},\"thumbnailUrl\":\"https:\/\/personal-polen.de\/wp-content\/uploads\/2021\/11\/worker-g5b060a5c9_1920.jpg\",\"datePublished\":\"2024-05-16T12:05:43+00:00\",\"dateModified\":\"2025-09-21T14:14:02+00:00\",\"description\":\"Besch\u00e4ftigung ausl\u00e4ndischer Fachkr\u00e4fte in Deutschland: Erfahren Sie alles \u00fcber rechtliche Rahmenbedingungen, Visa-Bestimmungen\",\"breadcrumb\":{\"@id\":\"https:\/\/personal-polen.de\/2024\/05\/16\/rechtliche-rahmenbedingungen-fuer-fachkraefte-aus-dem-ausland\/#breadcrumb\"},\"inLanguage\":\"sk-SK\",\"potentialAction\":[{\"@type\":\"ReadAction\",\"target\":[\"https:\/\/personal-polen.de\/2024\/05\/16\/rechtliche-rahmenbedingungen-fuer-fachkraefte-aus-dem-ausland\/\"]}]},{\"@type\":\"ImageObject\",\"inLanguage\":\"sk-SK\",\"@id\":\"https:\/\/personal-polen.de\/2024\/05\/16\/rechtliche-rahmenbedingungen-fuer-fachkraefte-aus-dem-ausland\/#primaryimage\",\"url\":\"https:\/\/personal-polen.de\/wp-content\/uploads\/2021\/11\/worker-g5b060a5c9_1920.jpg\",\"contentUrl\":\"https:\/\/personal-polen.de\/wp-content\/uploads\/2021\/11\/worker-g5b060a5c9_1920.jpg\",\"width\":1920,\"height\":1280,\"caption\":\"Fachkr\u00e4fte aus dem Ausland\"},{\"@type\":\"BreadcrumbList\",\"@id\":\"https:\/\/personal-polen.de\/2024\/05\/16\/rechtliche-rahmenbedingungen-fuer-fachkraefte-aus-dem-ausland\/#breadcrumb\",\"itemListElement\":[{\"@type\":\"ListItem\",\"position\":1,\"name\":\"Startseite\",\"item\":\"https:\/\/personal-polen.de\/\"},{\"@type\":\"ListItem\",\"position\":2,\"name\":\"Fachkr\u00e4fte aus dem Ausland\"}]},{\"@type\":\"WebSite\",\"@id\":\"https:\/\/personal-polen.de\/#website\",\"url\":\"https:\/\/personal-polen.de\/\",\"name\":\"Personal aus Polen\",\"description\":\"Ihr Spezialist f\u00fcr Handwerker und Subunternehmer aus Polen\",\"publisher\":{\"@id\":\"https:\/\/personal-polen.de\/#organization\"},\"potentialAction\":[{\"@type\":\"SearchAction\",\"target\":{\"@type\":\"EntryPoint\",\"urlTemplate\":\"https:\/\/personal-polen.de\/?s={search_term_string}\"},\"query-input\":{\"@type\":\"PropertyValueSpecification\",\"valueRequired\":true,\"valueName\":\"search_term_string\"}}],\"inLanguage\":\"sk-SK\"},{\"@type\":\"Organization\",\"@id\":\"https:\/\/personal-polen.de\/#organization\",\"name\":\"Personal aus Polen\",\"url\":\"https:\/\/personal-polen.de\/\",\"logo\":{\"@type\":\"ImageObject\",\"inLanguage\":\"sk-SK\",\"@id\":\"https:\/\/personal-polen.de\/#\/schema\/logo\/image\/\",\"url\":\"https:\/\/personal-polen.de\/wp-content\/uploads\/2019\/02\/pal_logo_2.png\",\"contentUrl\":\"https:\/\/personal-polen.de\/wp-content\/uploads\/2019\/02\/pal_logo_2.png\",\"width\":250,\"height\":100,\"caption\":\"Personal aus Polen\"},\"image\":{\"@id\":\"https:\/\/personal-polen.de\/#\/schema\/logo\/image\/\"}},{\"@type\":\"Person\",\"@id\":\"https:\/\/personal-polen.de\/#\/schema\/person\/cc060cc282b90d581444e0570ce4ab16\",\"name\":\"Redaktion\"}]}<\/script>\n<!-- \/ Yoast SEO Premium plugin. -->","yoast_head_json":{"title":"Pr\u00e1vny r\u00e1mec pre kvalifikovan\u00fdch pracovn\u00edkov zo zahrani\u010dia","description":"Zamestn\u00e1vanie zahrani\u010dn\u00fdch kvalifikovan\u00fdch pracovn\u00edkov v Nemecku: Zistite v\u0161etko, \u010do potrebujete vedie\u0165 o pr\u00e1vnom r\u00e1mci a v\u00edzov\u00fdch po\u017eiadavk\u00e1ch","robots":{"index":"index","follow":"follow","max-snippet":"max-snippet:-1","max-image-preview":"max-image-preview:large","max-video-preview":"max-video-preview:-1"},"canonical":"https:\/\/personal-polen.de\/sk\/2024\/05\/16\/pravny-ramec-pre-odbornikov-zo-zahranicia\/","og_locale":"sk_SK","og_type":"article","og_title":"Fachkr\u00e4fte aus dem Ausland","og_description":"Besch\u00e4ftigung ausl\u00e4ndischer Fachkr\u00e4fte in Deutschland: Erfahren Sie alles \u00fcber rechtliche Rahmenbedingungen, Visa-Bestimmungen","og_url":"https:\/\/personal-polen.de\/sk\/2024\/05\/16\/pravny-ramec-pre-odbornikov-zo-zahranicia\/","og_site_name":"Personal aus Polen","article_published_time":"2024-05-16T12:05:43+00:00","article_modified_time":"2025-09-21T14:14:02+00:00","og_image":[{"width":1920,"height":1280,"url":"https:\/\/personal-polen.de\/wp-content\/uploads\/2021\/11\/worker-g5b060a5c9_1920.jpg","type":"image\/jpeg"}],"author":"Redaktion","twitter_card":"summary_large_image","twitter_misc":{"Autor":"Redaktion","Predpokladan\u00fd \u010das \u010d\u00edtania":"4 min\u00faty"},"schema":{"@context":"https:\/\/schema.org","@graph":[{"@type":"Article","@id":"https:\/\/personal-polen.de\/2024\/05\/16\/rechtliche-rahmenbedingungen-fuer-fachkraefte-aus-dem-ausland\/#article","isPartOf":{"@id":"https:\/\/personal-polen.de\/2024\/05\/16\/rechtliche-rahmenbedingungen-fuer-fachkraefte-aus-dem-ausland\/"},"author":{"name":"Redaktion","@id":"https:\/\/personal-polen.de\/#\/schema\/person\/cc060cc282b90d581444e0570ce4ab16"},"headline":"Fachkr\u00e4fte aus dem Ausland","datePublished":"2024-05-16T12:05:43+00:00","dateModified":"2025-09-21T14:14:02+00:00","mainEntityOfPage":{"@id":"https:\/\/personal-polen.de\/2024\/05\/16\/rechtliche-rahmenbedingungen-fuer-fachkraefte-aus-dem-ausland\/"},"wordCount":602,"publisher":{"@id":"https:\/\/personal-polen.de\/#organization"},"image":{"@id":"https:\/\/personal-polen.de\/2024\/05\/16\/rechtliche-rahmenbedingungen-fuer-fachkraefte-aus-dem-ausland\/#primaryimage"},"thumbnailUrl":"https:\/\/personal-polen.de\/wp-content\/uploads\/2021\/11\/worker-g5b060a5c9_1920.jpg","articleSection":["Arbeitnehmer\u00fcberlassung","Entsendung","Leiharbeiter","Personalvermittlung","Zeitarbeit"],"inLanguage":"sk-SK"},{"@type":"WebPage","@id":"https:\/\/personal-polen.de\/2024\/05\/16\/rechtliche-rahmenbedingungen-fuer-fachkraefte-aus-dem-ausland\/","url":"https:\/\/personal-polen.de\/2024\/05\/16\/rechtliche-rahmenbedingungen-fuer-fachkraefte-aus-dem-ausland\/","name":"Pr\u00e1vny r\u00e1mec pre kvalifikovan\u00fdch pracovn\u00edkov zo zahrani\u010dia","isPartOf":{"@id":"https:\/\/personal-polen.de\/#website"},"primaryImageOfPage":{"@id":"https:\/\/personal-polen.de\/2024\/05\/16\/rechtliche-rahmenbedingungen-fuer-fachkraefte-aus-dem-ausland\/#primaryimage"},"image":{"@id":"https:\/\/personal-polen.de\/2024\/05\/16\/rechtliche-rahmenbedingungen-fuer-fachkraefte-aus-dem-ausland\/#primaryimage"},"thumbnailUrl":"https:\/\/personal-polen.de\/wp-content\/uploads\/2021\/11\/worker-g5b060a5c9_1920.jpg","datePublished":"2024-05-16T12:05:43+00:00","dateModified":"2025-09-21T14:14:02+00:00","description":"Zamestn\u00e1vanie zahrani\u010dn\u00fdch kvalifikovan\u00fdch pracovn\u00edkov v Nemecku: Zistite v\u0161etko, \u010do potrebujete vedie\u0165 o pr\u00e1vnom r\u00e1mci a v\u00edzov\u00fdch po\u017eiadavk\u00e1ch","breadcrumb":{"@id":"https:\/\/personal-polen.de\/2024\/05\/16\/rechtliche-rahmenbedingungen-fuer-fachkraefte-aus-dem-ausland\/#breadcrumb"},"inLanguage":"sk-SK","potentialAction":[{"@type":"ReadAction","target":["https:\/\/personal-polen.de\/2024\/05\/16\/rechtliche-rahmenbedingungen-fuer-fachkraefte-aus-dem-ausland\/"]}]},{"@type":"ImageObject","inLanguage":"sk-SK","@id":"https:\/\/personal-polen.de\/2024\/05\/16\/rechtliche-rahmenbedingungen-fuer-fachkraefte-aus-dem-ausland\/#primaryimage","url":"https:\/\/personal-polen.de\/wp-content\/uploads\/2021\/11\/worker-g5b060a5c9_1920.jpg","contentUrl":"https:\/\/personal-polen.de\/wp-content\/uploads\/2021\/11\/worker-g5b060a5c9_1920.jpg","width":1920,"height":1280,"caption":"Fachkr\u00e4fte aus dem Ausland"},{"@type":"BreadcrumbList","@id":"https:\/\/personal-polen.de\/2024\/05\/16\/rechtliche-rahmenbedingungen-fuer-fachkraefte-aus-dem-ausland\/#breadcrumb","itemListElement":[{"@type":"ListItem","position":1,"name":"Startseite","item":"https:\/\/personal-polen.de\/"},{"@type":"ListItem","position":2,"name":"Fachkr\u00e4fte aus dem Ausland"}]},{"@type":"WebSite","@id":"https:\/\/personal-polen.de\/#website","url":"https:\/\/personal-polen.de\/","name":"Zamestnanci z Po\u013eska","description":"V\u00e1\u0161 \u0161pecialista na remeseln\u00edkov a subdod\u00e1vate\u013eov z Po\u013eska","publisher":{"@id":"https:\/\/personal-polen.de\/#organization"},"potentialAction":[{"@type":"SearchAction","target":{"@type":"EntryPoint","urlTemplate":"https:\/\/personal-polen.de\/?s={search_term_string}"},"query-input":{"@type":"PropertyValueSpecification","valueRequired":true,"valueName":"search_term_string"}}],"inLanguage":"sk-SK"},{"@type":"Organization","@id":"https:\/\/personal-polen.de\/#organization","name":"Zamestnanci z Po\u013eska","url":"https:\/\/personal-polen.de\/","logo":{"@type":"ImageObject","inLanguage":"sk-SK","@id":"https:\/\/personal-polen.de\/#\/schema\/logo\/image\/","url":"https:\/\/personal-polen.de\/wp-content\/uploads\/2019\/02\/pal_logo_2.png","contentUrl":"https:\/\/personal-polen.de\/wp-content\/uploads\/2019\/02\/pal_logo_2.png","width":250,"height":100,"caption":"Personal aus Polen"},"image":{"@id":"https:\/\/personal-polen.de\/#\/schema\/logo\/image\/"}},{"@type":"Person","@id":"https:\/\/personal-polen.de\/#\/schema\/person\/cc060cc282b90d581444e0570ce4ab16","name":"Redakcia"}]}},"_links":{"self":[{"href":"https:\/\/personal-polen.de\/sk\/wp-json\/wp\/v2\/posts\/2871","targetHints":{"allow":["GET"]}}],"collection":[{"href":"https:\/\/personal-polen.de\/sk\/wp-json\/wp\/v2\/posts"}],"about":[{"href":"https:\/\/personal-polen.de\/sk\/wp-json\/wp\/v2\/types\/post"}],"author":[{"embeddable":true,"href":"https:\/\/personal-polen.de\/sk\/wp-json\/wp\/v2\/users\/13"}],"replies":[{"embeddable":true,"href":"https:\/\/personal-polen.de\/sk\/wp-json\/wp\/v2\/comments?post=2871"}],"version-history":[{"count":4,"href":"https:\/\/personal-polen.de\/sk\/wp-json\/wp\/v2\/posts\/2871\/revisions"}],"predecessor-version":[{"id":4299,"href":"https:\/\/personal-polen.de\/sk\/wp-json\/wp\/v2\/posts\/2871\/revisions\/4299"}],"wp:featuredmedia":[{"embeddable":true,"href":"https:\/\/personal-polen.de\/sk\/wp-json\/wp\/v2\/media\/1733"}],"wp:attachment":[{"href":"https:\/\/personal-polen.de\/sk\/wp-json\/wp\/v2\/media?parent=2871"}],"wp:term":[{"taxonomy":"category","embeddable":true,"href":"https:\/\/personal-polen.de\/sk\/wp-json\/wp\/v2\/categories?post=2871"},{"taxonomy":"post_tag","embeddable":true,"href":"https:\/\/personal-polen.de\/sk\/wp-json\/wp\/v2\/tags?post=2871"}],"curies":[{"name":"wp","href":"https:\/\/api.w.org\/{rel}","templated":true}]}}