{"id":2879,"date":"2024-05-21T12:42:56","date_gmt":"2024-05-21T10:42:56","guid":{"rendered":"https:\/\/personal-polen.de\/?p=2879"},"modified":"2025-05-17T15:11:05","modified_gmt":"2025-05-17T13:11:05","slug":"potencialne-nevyhody-a-problemy-zamestnavania-docasnych-pracovnikov-v-logistike","status":"publish","type":"post","link":"https:\/\/personal-polen.de\/sk\/2024\/05\/21\/potencialne-nevyhody-a-problemy-zamestnavania-docasnych-pracovnikov-v-logistike\/","title":{"rendered":"Do\u010dasn\u00ed pracovn\u00edci v sektore logistiky"},"content":{"rendered":"<h2>Mo\u017en\u00e9 nev\u00fdhody a v\u00fdzvy zamestn\u00e1vania do\u010dasn\u00fdch pracovn\u00edkov v logistike<\/h2>\n<p>V <a href=\"https:\/\/personal-polen.de\/sk\/nabor-do-logistiky\/\">Logistika<\/a> existuje ve\u013ek\u00e1 potreba <a href=\"https:\/\/personal-polen.de\/sk\/docasna-pracovna-sila-z-polska-a-vychodnej-europy\/\">Do\u010dasn\u00ed pracovn\u00edci<\/a>. V mnoh\u00fdch sez\u00f3nach, ke\u010f je \u0161pi\u010dka, jednoducho nie je dostatok st\u00e1lych zamestnancov. Preto si mnoh\u00e9 spolo\u010dnosti naj\u00edmaj\u00fa do\u010dasn\u00fdch pracovn\u00edkov. T\u00ed dok\u00e1\u017eu r\u00fdchlo preklen\u00fa\u0165 nedostatok zamestnancov alebo v\u00fdkyvy v objedn\u00e1vkach.<\/p>\n<p>M\u00e1 to svoje v\u00fdhody, ale aj nev\u00fdhody. Okrem toho do\u010dasn\u00ed pracovn\u00edci \u010delia in\u00fdm v\u00fdzvam ako st\u00e1li zamestnanci.<\/p>\n<h2>Ak\u00e9 s\u00fa nev\u00fdhody do\u010dasnej pr\u00e1ce v logistike?<\/h2>\n<p>Spolo\u010dnosti \u010dasto zamestn\u00e1vaj\u00fa do\u010dasn\u00fdch pracovn\u00edkov len na dobu ur\u010dit\u00fa. To znamen\u00e1, \u017ee maj\u00fa men\u0161iu istotu zamestnania. M\u00f4\u017eu by\u0165 kedyko\u013evek nahraden\u00ed a potom si musia h\u013eada\u0165 nov\u00e9ho zamestn\u00e1vate\u013ea. To m\u00f4\u017ee vies\u0165 k zna\u010dn\u00e9mu stresu a neist\u00e9mu pl\u00e1novaniu \u017eivota. Do\u010dasn\u00ed pracovn\u00edci si musia neust\u00e1le h\u013eada\u0165 nov\u00e9 \u00falohy, \u010do m\u00f4\u017ee by\u0165 finan\u010dne aj emocion\u00e1lne stresuj\u00face.<\/p>\n<p>V d\u00f4sledku toho maj\u00fa do\u010dasn\u00ed pracovn\u00edci prirodzene aj ni\u017e\u0161ie soci\u00e1lne zabezpe\u010denie. Ch\u00fdbaj\u00fa im \u010fal\u0161ie v\u00fdhody, ako s\u00fa podnikov\u00e9 d\u00f4chodkov\u00e9 syst\u00e9my, zdravotn\u00e9 programy a in\u00e9 soci\u00e1lne v\u00fdhody. Musia si tie\u017e zn\u00ed\u017ei\u0165 mzdu. \u010casto je to nespravodliv\u00e9, preto\u017ee vykon\u00e1vaj\u00fa rovnak\u00fa alebo podobn\u00fa pr\u00e1cu ako st\u00e1li zamestnanci. Prirodzene, nie je to ve\u013emi motivuj\u00face.<\/p>\n<p>V mnoh\u00fdch spolo\u010dnostiach maj\u00fa do\u010dasn\u00ed pracovn\u00edci len m\u00e1lo pr\u00edle\u017eitost\u00ed na postup. \u010casto s\u00fa prij\u00edman\u00ed len v \u010dase nedostatku alebo po\u010das hlavnej sez\u00f3ny a potom s\u00fa op\u00e4\u0165 prepusten\u00ed. V d\u00f4sledku toho maj\u00fa menej pr\u00edle\u017eitost\u00ed na profesion\u00e1lny rozvoj. V d\u00f4sledku toho \u010dasto vykon\u00e1vaj\u00fa len menej kvalifikovan\u00e9 \u00falohy. Podniky sa zdr\u00e1haj\u00fa posiela\u0165 do\u010dasn\u00fdch pracovn\u00edkov na \u010fal\u0161ie \u0161kolenia alebo kvalifika\u010dn\u00e9 programy. Z dlhodob\u00e9ho h\u013eadiska to m\u00f4\u017ee by\u0165 nev\u00fdhoda, preto\u017ee sa nem\u00f4\u017eu \u010falej rozv\u00edja\u0165, a preto s\u00fa vyu\u017e\u00edvan\u00ed st\u00e1le len na rovnak\u00e9, jednoduch\u00e9 \u00falohy.<\/p>\n<h2>Ak\u00e9 s\u00fa v\u00fdzvy pre spolo\u010dnosti?<\/h2>\n<p>Zabezpe\u010denie st\u00e1lej kvality pr\u00e1ce m\u00f4\u017ee by\u0165 \u0165a\u017e\u0161ie, ak je potrebn\u00e9 neust\u00e1le \u0161koli\u0165 nov\u00fdch do\u010dasn\u00fdch pracovn\u00edkov. Rozdiely v sk\u00fasenostiach a kvalifik\u00e1cii do\u010dasn\u00fdch pracovn\u00edkov m\u00f4\u017eu vies\u0165 k v\u00fdkyvom v kvalite pr\u00e1ce. To m\u00f4\u017ee ovplyvni\u0165 aj spo\u013eahlivos\u0165 procesov. M\u00f4\u017ee t\u00fdm utrpie\u0165 aj konzistentnos\u0165. Spolo\u010dnosti potom \u010dasto musia investova\u0165 viac pe\u0148az\u00ed do monitorovania a zabezpe\u010denia kvality, aby bolo mo\u017en\u00e9 procesy sledova\u0165.<\/p>\n<p>Spolo\u010dnosti musia zabezpe\u010di\u0165, aby pri pr\u00e1ci s do\u010dasn\u00fdmi pracovn\u00edkmi dodr\u017eiavali v\u0161etky pr\u00e1vne po\u017eiadavky. To si vy\u017eaduje neust\u00e1le monitorovanie a prisp\u00f4sobovanie intern\u00fdch procesov. Patr\u00ed sem dodr\u017eiavanie predpisov o pracovnom \u010dase, odme\u0148ovan\u00ed a pracovn\u00fdch podmienkach, ako aj o maxim\u00e1lnej povolenej d\u013a\u017eke pridelenia do\u010dasn\u00fdch pracovn\u00edkov. Nedodr\u017eanie t\u00fdchto predpisov m\u00f4\u017ee vies\u0165 k pr\u00e1vnym probl\u00e9mom a vysok\u00fdm pokut\u00e1m.<\/p>\n<p>Koordin\u00e1cia do\u010dasn\u00fdch pracovn\u00edkov si vy\u017eaduje \u00fazku spolupr\u00e1cu s agent\u00farami do\u010dasn\u00e9ho zamestn\u00e1vania. T\u00fdm sa zabezpe\u010d\u00ed, \u017ee sa spln\u00ed po\u017eadovan\u00e1 kvalifik\u00e1cia a pracovn\u00fd \u010das. Organiz\u00e1cie musia zavies\u0165 jasn\u00e9 komunika\u010dn\u00e9 kan\u00e1ly a procesy, aby sa zabezpe\u010dilo, \u017ee do\u010dasn\u00ed pracovn\u00edci bud\u00fa poskytnut\u00ed v\u010das a v s\u00falade s po\u017eiadavkami. Nedorozumenia alebo nespr\u00e1vna komunik\u00e1cia m\u00f4\u017eu vies\u0165 k neefekt\u00edvnym pracovn\u00fdm postupom a nespokojnosti zamestnancov.<\/p>\n<p><strong><span style=\"color: #800000;\"><a style=\"color: #800000;\" href=\"https:\/\/personal-polen.de\/sk\/2021\/11\/08\/docasna-praca-vyhody-nevyhody\/\">Do\u010dasn\u00e1 pr\u00e1ca - v\u00fdhody a nev\u00fdhody &gt;&gt;&gt;<\/a><\/span><\/strong><\/p>\n<p>&nbsp;<\/p>\n<h2>Pre\u010do v\u00e1m m\u00f4\u017eeme pom\u00f4c\u0165 my, Zeitarbeit International?<\/h2>\n<p><a href=\"https:\/\/zeitarbeit-international.de\/\">My<\/a> s\u00fa na trhu u\u017e viac ako 25 rokov. Na\u0161ou \u0161pecialitou je <a href=\"https:\/\/personal-polen.de\/sk\/2022\/11\/17\/nabor-do-logistiky\/\">N\u00e1bor zamestnancov<\/a> do\u010dasn\u00fdch pracovn\u00edkov a <a href=\"https:\/\/personal-polen.de\/sk\/hlada-sa-subdodavatel\/\">Subdod\u00e1vatelia<\/a> z Po\u013eska a v\u00fdchodnej Eur\u00f3py. Na\u0161i z\u00e1kazn\u00edci pracuj\u00fa v najr\u00f4znej\u0161\u00edch <a href=\"https:\/\/personal-polen.de\/sk\/subdodavatelskych-docasnych-pracovnikov-z-priemyselnych-odvetvi\/\">Odvetvia<\/a>: Priemysel, <a href=\"https:\/\/personal-polen.de\/sk\/2022\/11\/22\/brigadnici-v-stavebnictve\/\">Stavebn\u00edctvo<\/a>, skladovanie a logistika, zdravotn\u00edctvo a starostlivos\u0165 a \u010fal\u0161ie.<\/p>\n<p>S nami sa nemus\u00edte stara\u0165 o papierovanie a licencie. O to sme sa u\u017e postarali za v\u00e1s. V\u0161etci na\u0161i do\u010dasn\u00ed pracovn\u00edci maj\u00fa povolenia, ktor\u00e9 s\u00fa v Nemecku uzn\u00e1van\u00e9, a s\u00fa vysoko kvalifikovan\u00ed. V\u0161etci tie\u017e hovoria nemecky.<\/p>\n<p>Na\u0161i zamestnanci sa daj\u00fa nasadi\u0165 r\u00fdchlo a jednoducho. Kontaktujte n\u00e1s e\u0161te dnes a my v\u00e1m poskytneme cenov\u00fa ponuku.<\/p>\n<p><strong><span style=\"color: #800000;\"><a style=\"color: #800000;\" href=\"https:\/\/personal-polen.de\/sk\/kontakt\/\">Kontaktujte n\u00e1s &gt;&gt;&gt;<\/a><\/span><\/strong><\/p>","protected":false},"excerpt":{"rendered":"<p>Mo\u017en\u00e9 nev\u00fdhody a probl\u00e9my zamestn\u00e1vania do\u010dasn\u00fdch pracovn\u00edkov v logistike V logistike je ve\u013ek\u00e1 potreba do\u010dasn\u00fdch pracovn\u00edkov. V mnoh\u00fdch \u0161pi\u010dkov\u00fdch obdobiach jednoducho nie je dostatok st\u00e1lych zamestnancov. Preto mnoh\u00e9 spolo\u010dnosti zamestn\u00e1vaj\u00fa do\u010dasn\u00fdch pracovn\u00edkov. Dok\u00e1\u017eu r\u00fdchlo preklen\u00fa\u0165 nedostatok zamestnancov alebo v\u00fdkyvy v objedn\u00e1vkach. M\u00e1 to svoje v\u00fdhody, ale aj nev\u00fdhody, [...]<\/p>","protected":false},"author":13,"featured_media":2881,"comment_status":"closed","ping_status":"open","sticky":false,"template":"","format":"standard","meta":{"footnotes":""},"categories":[43,29,20],"tags":[],"class_list":["post-2879","post","type-post","status-publish","format-standard","has-post-thumbnail","hentry","category-personalvermittlung","category-subunternehmer","category-zeitarbeit"],"yoast_head":"<!-- This site is optimized with the Yoast SEO Premium plugin v26.4 (Yoast SEO v26.4) - https:\/\/yoast.com\/wordpress\/plugins\/seo\/ -->\n<title>Herausforderungen bei der Zeitarbeit in der Logistikbranche<\/title>\n<meta name=\"description\" content=\"Erfahren Sie mehr \u00fcber Zeitarbeit in der Logistikbranche: welche Vorteile es hat und welche Herausforderungen damit einhergehen.\" \/>\n<meta name=\"robots\" content=\"index, follow, max-snippet:-1, max-image-preview:large, max-video-preview:-1\" \/>\n<link rel=\"canonical\" href=\"https:\/\/personal-polen.de\/sk\/2024\/05\/21\/potencialne-nevyhody-a-problemy-zamestnavania-docasnych-pracovnikov-v-logistike\/\" \/>\n<meta property=\"og:locale\" content=\"sk_SK\" \/>\n<meta property=\"og:type\" content=\"article\" \/>\n<meta property=\"og:title\" content=\"Leiharbeiter in der Logistikbranche\" \/>\n<meta property=\"og:description\" content=\"Erfahren Sie mehr \u00fcber Zeitarbeit in der Logistikbranche: welche Vorteile es hat und welche Herausforderungen damit einhergehen.\" \/>\n<meta property=\"og:url\" content=\"https:\/\/personal-polen.de\/sk\/2024\/05\/21\/potencialne-nevyhody-a-problemy-zamestnavania-docasnych-pracovnikov-v-logistike\/\" \/>\n<meta property=\"og:site_name\" content=\"Personal aus Polen\" \/>\n<meta property=\"article:published_time\" content=\"2024-05-21T10:42:56+00:00\" \/>\n<meta property=\"article:modified_time\" content=\"2025-05-17T13:11:05+00:00\" \/>\n<meta property=\"og:image\" content=\"https:\/\/personal-polen.de\/wp-content\/uploads\/2024\/05\/ai-generated-8704020_1280.jpg\" \/>\n\t<meta property=\"og:image:width\" content=\"1280\" \/>\n\t<meta property=\"og:image:height\" content=\"725\" \/>\n\t<meta property=\"og:image:type\" content=\"image\/jpeg\" \/>\n<meta name=\"author\" content=\"Redaktion\" \/>\n<meta name=\"twitter:card\" content=\"summary_large_image\" \/>\n<meta name=\"twitter:label1\" content=\"Autor\" \/>\n\t<meta name=\"twitter:data1\" content=\"Redaktion\" \/>\n\t<meta name=\"twitter:label2\" content=\"Predpokladan\u00fd \u010das \u010d\u00edtania\" \/>\n\t<meta name=\"twitter:data2\" content=\"4 min\u00faty\" \/>\n<script type=\"application\/ld+json\" class=\"yoast-schema-graph\">{\"@context\":\"https:\/\/schema.org\",\"@graph\":[{\"@type\":\"Article\",\"@id\":\"https:\/\/personal-polen.de\/2024\/05\/21\/potenzielle-nachteile-und-herausforderungen-bei-der-beschaeftigung-von-zeitarbeit-in-der-logistik\/#article\",\"isPartOf\":{\"@id\":\"https:\/\/personal-polen.de\/2024\/05\/21\/potenzielle-nachteile-und-herausforderungen-bei-der-beschaeftigung-von-zeitarbeit-in-der-logistik\/\"},\"author\":{\"name\":\"Redaktion\",\"@id\":\"https:\/\/personal-polen.de\/#\/schema\/person\/cc060cc282b90d581444e0570ce4ab16\"},\"headline\":\"Leiharbeiter in der Logistikbranche\",\"datePublished\":\"2024-05-21T10:42:56+00:00\",\"dateModified\":\"2025-05-17T13:11:05+00:00\",\"mainEntityOfPage\":{\"@id\":\"https:\/\/personal-polen.de\/2024\/05\/21\/potenzielle-nachteile-und-herausforderungen-bei-der-beschaeftigung-von-zeitarbeit-in-der-logistik\/\"},\"wordCount\":591,\"publisher\":{\"@id\":\"https:\/\/personal-polen.de\/#organization\"},\"image\":{\"@id\":\"https:\/\/personal-polen.de\/2024\/05\/21\/potenzielle-nachteile-und-herausforderungen-bei-der-beschaeftigung-von-zeitarbeit-in-der-logistik\/#primaryimage\"},\"thumbnailUrl\":\"https:\/\/personal-polen.de\/wp-content\/uploads\/2024\/05\/ai-generated-8704020_1280.jpg\",\"articleSection\":[\"Personalvermittlung\",\"Subunternehmer\",\"Zeitarbeit\"],\"inLanguage\":\"sk-SK\"},{\"@type\":[\"WebPage\",\"ItemPage\"],\"@id\":\"https:\/\/personal-polen.de\/2024\/05\/21\/potenzielle-nachteile-und-herausforderungen-bei-der-beschaeftigung-von-zeitarbeit-in-der-logistik\/\",\"url\":\"https:\/\/personal-polen.de\/2024\/05\/21\/potenzielle-nachteile-und-herausforderungen-bei-der-beschaeftigung-von-zeitarbeit-in-der-logistik\/\",\"name\":\"Herausforderungen bei der Zeitarbeit in der Logistikbranche\",\"isPartOf\":{\"@id\":\"https:\/\/personal-polen.de\/#website\"},\"primaryImageOfPage\":{\"@id\":\"https:\/\/personal-polen.de\/2024\/05\/21\/potenzielle-nachteile-und-herausforderungen-bei-der-beschaeftigung-von-zeitarbeit-in-der-logistik\/#primaryimage\"},\"image\":{\"@id\":\"https:\/\/personal-polen.de\/2024\/05\/21\/potenzielle-nachteile-und-herausforderungen-bei-der-beschaeftigung-von-zeitarbeit-in-der-logistik\/#primaryimage\"},\"thumbnailUrl\":\"https:\/\/personal-polen.de\/wp-content\/uploads\/2024\/05\/ai-generated-8704020_1280.jpg\",\"datePublished\":\"2024-05-21T10:42:56+00:00\",\"dateModified\":\"2025-05-17T13:11:05+00:00\",\"description\":\"Erfahren Sie mehr \u00fcber Zeitarbeit in der Logistikbranche: welche Vorteile es hat und welche Herausforderungen damit einhergehen.\",\"breadcrumb\":{\"@id\":\"https:\/\/personal-polen.de\/2024\/05\/21\/potenzielle-nachteile-und-herausforderungen-bei-der-beschaeftigung-von-zeitarbeit-in-der-logistik\/#breadcrumb\"},\"inLanguage\":\"sk-SK\",\"potentialAction\":[{\"@type\":\"ReadAction\",\"target\":[\"https:\/\/personal-polen.de\/2024\/05\/21\/potenzielle-nachteile-und-herausforderungen-bei-der-beschaeftigung-von-zeitarbeit-in-der-logistik\/\"]}]},{\"@type\":\"ImageObject\",\"inLanguage\":\"sk-SK\",\"@id\":\"https:\/\/personal-polen.de\/2024\/05\/21\/potenzielle-nachteile-und-herausforderungen-bei-der-beschaeftigung-von-zeitarbeit-in-der-logistik\/#primaryimage\",\"url\":\"https:\/\/personal-polen.de\/wp-content\/uploads\/2024\/05\/ai-generated-8704020_1280.jpg\",\"contentUrl\":\"https:\/\/personal-polen.de\/wp-content\/uploads\/2024\/05\/ai-generated-8704020_1280.jpg\",\"width\":1280,\"height\":725,\"caption\":\"Zeitarbeit Logistik\"},{\"@type\":\"BreadcrumbList\",\"@id\":\"https:\/\/personal-polen.de\/2024\/05\/21\/potenzielle-nachteile-und-herausforderungen-bei-der-beschaeftigung-von-zeitarbeit-in-der-logistik\/#breadcrumb\",\"itemListElement\":[{\"@type\":\"ListItem\",\"position\":1,\"name\":\"Startseite\",\"item\":\"https:\/\/personal-polen.de\/\"},{\"@type\":\"ListItem\",\"position\":2,\"name\":\"Leiharbeiter in der Logistikbranche\"}]},{\"@type\":\"WebSite\",\"@id\":\"https:\/\/personal-polen.de\/#website\",\"url\":\"https:\/\/personal-polen.de\/\",\"name\":\"Personal aus Polen\",\"description\":\"Ihr Spezialist f\u00fcr Handwerker und Subunternehmer aus Polen\",\"publisher\":{\"@id\":\"https:\/\/personal-polen.de\/#organization\"},\"potentialAction\":[{\"@type\":\"SearchAction\",\"target\":{\"@type\":\"EntryPoint\",\"urlTemplate\":\"https:\/\/personal-polen.de\/?s={search_term_string}\"},\"query-input\":{\"@type\":\"PropertyValueSpecification\",\"valueRequired\":true,\"valueName\":\"search_term_string\"}}],\"inLanguage\":\"sk-SK\"},{\"@type\":\"Organization\",\"@id\":\"https:\/\/personal-polen.de\/#organization\",\"name\":\"Personal aus Polen\",\"url\":\"https:\/\/personal-polen.de\/\",\"logo\":{\"@type\":\"ImageObject\",\"inLanguage\":\"sk-SK\",\"@id\":\"https:\/\/personal-polen.de\/#\/schema\/logo\/image\/\",\"url\":\"https:\/\/personal-polen.de\/wp-content\/uploads\/2019\/02\/pal_logo_2.png\",\"contentUrl\":\"https:\/\/personal-polen.de\/wp-content\/uploads\/2019\/02\/pal_logo_2.png\",\"width\":250,\"height\":100,\"caption\":\"Personal aus Polen\"},\"image\":{\"@id\":\"https:\/\/personal-polen.de\/#\/schema\/logo\/image\/\"}},{\"@type\":\"Person\",\"@id\":\"https:\/\/personal-polen.de\/#\/schema\/person\/cc060cc282b90d581444e0570ce4ab16\",\"name\":\"Redaktion\"}]}<\/script>\n<!-- \/ Yoast SEO Premium plugin. -->","yoast_head_json":{"title":"V\u00fdzvy spojen\u00e9 s do\u010dasnou pr\u00e1cou v logistike","description":"Zistite viac o do\u010dasnej pr\u00e1ci v logistike: v\u00fdhody a v\u00fdzvy.","robots":{"index":"index","follow":"follow","max-snippet":"max-snippet:-1","max-image-preview":"max-image-preview:large","max-video-preview":"max-video-preview:-1"},"canonical":"https:\/\/personal-polen.de\/sk\/2024\/05\/21\/potencialne-nevyhody-a-problemy-zamestnavania-docasnych-pracovnikov-v-logistike\/","og_locale":"sk_SK","og_type":"article","og_title":"Leiharbeiter in der Logistikbranche","og_description":"Erfahren Sie mehr \u00fcber Zeitarbeit in der Logistikbranche: welche Vorteile es hat und welche Herausforderungen damit einhergehen.","og_url":"https:\/\/personal-polen.de\/sk\/2024\/05\/21\/potencialne-nevyhody-a-problemy-zamestnavania-docasnych-pracovnikov-v-logistike\/","og_site_name":"Personal aus Polen","article_published_time":"2024-05-21T10:42:56+00:00","article_modified_time":"2025-05-17T13:11:05+00:00","og_image":[{"width":1280,"height":725,"url":"https:\/\/personal-polen.de\/wp-content\/uploads\/2024\/05\/ai-generated-8704020_1280.jpg","type":"image\/jpeg"}],"author":"Redaktion","twitter_card":"summary_large_image","twitter_misc":{"Autor":"Redaktion","Predpokladan\u00fd \u010das \u010d\u00edtania":"4 min\u00faty"},"schema":{"@context":"https:\/\/schema.org","@graph":[{"@type":"Article","@id":"https:\/\/personal-polen.de\/2024\/05\/21\/potenzielle-nachteile-und-herausforderungen-bei-der-beschaeftigung-von-zeitarbeit-in-der-logistik\/#article","isPartOf":{"@id":"https:\/\/personal-polen.de\/2024\/05\/21\/potenzielle-nachteile-und-herausforderungen-bei-der-beschaeftigung-von-zeitarbeit-in-der-logistik\/"},"author":{"name":"Redaktion","@id":"https:\/\/personal-polen.de\/#\/schema\/person\/cc060cc282b90d581444e0570ce4ab16"},"headline":"Leiharbeiter in der Logistikbranche","datePublished":"2024-05-21T10:42:56+00:00","dateModified":"2025-05-17T13:11:05+00:00","mainEntityOfPage":{"@id":"https:\/\/personal-polen.de\/2024\/05\/21\/potenzielle-nachteile-und-herausforderungen-bei-der-beschaeftigung-von-zeitarbeit-in-der-logistik\/"},"wordCount":591,"publisher":{"@id":"https:\/\/personal-polen.de\/#organization"},"image":{"@id":"https:\/\/personal-polen.de\/2024\/05\/21\/potenzielle-nachteile-und-herausforderungen-bei-der-beschaeftigung-von-zeitarbeit-in-der-logistik\/#primaryimage"},"thumbnailUrl":"https:\/\/personal-polen.de\/wp-content\/uploads\/2024\/05\/ai-generated-8704020_1280.jpg","articleSection":["Personalvermittlung","Subunternehmer","Zeitarbeit"],"inLanguage":"sk-SK"},{"@type":["WebPage","ItemPage"],"@id":"https:\/\/personal-polen.de\/2024\/05\/21\/potenzielle-nachteile-und-herausforderungen-bei-der-beschaeftigung-von-zeitarbeit-in-der-logistik\/","url":"https:\/\/personal-polen.de\/2024\/05\/21\/potenzielle-nachteile-und-herausforderungen-bei-der-beschaeftigung-von-zeitarbeit-in-der-logistik\/","name":"V\u00fdzvy spojen\u00e9 s do\u010dasnou pr\u00e1cou v logistike","isPartOf":{"@id":"https:\/\/personal-polen.de\/#website"},"primaryImageOfPage":{"@id":"https:\/\/personal-polen.de\/2024\/05\/21\/potenzielle-nachteile-und-herausforderungen-bei-der-beschaeftigung-von-zeitarbeit-in-der-logistik\/#primaryimage"},"image":{"@id":"https:\/\/personal-polen.de\/2024\/05\/21\/potenzielle-nachteile-und-herausforderungen-bei-der-beschaeftigung-von-zeitarbeit-in-der-logistik\/#primaryimage"},"thumbnailUrl":"https:\/\/personal-polen.de\/wp-content\/uploads\/2024\/05\/ai-generated-8704020_1280.jpg","datePublished":"2024-05-21T10:42:56+00:00","dateModified":"2025-05-17T13:11:05+00:00","description":"Zistite viac o do\u010dasnej pr\u00e1ci v logistike: v\u00fdhody a v\u00fdzvy.","breadcrumb":{"@id":"https:\/\/personal-polen.de\/2024\/05\/21\/potenzielle-nachteile-und-herausforderungen-bei-der-beschaeftigung-von-zeitarbeit-in-der-logistik\/#breadcrumb"},"inLanguage":"sk-SK","potentialAction":[{"@type":"ReadAction","target":["https:\/\/personal-polen.de\/2024\/05\/21\/potenzielle-nachteile-und-herausforderungen-bei-der-beschaeftigung-von-zeitarbeit-in-der-logistik\/"]}]},{"@type":"ImageObject","inLanguage":"sk-SK","@id":"https:\/\/personal-polen.de\/2024\/05\/21\/potenzielle-nachteile-und-herausforderungen-bei-der-beschaeftigung-von-zeitarbeit-in-der-logistik\/#primaryimage","url":"https:\/\/personal-polen.de\/wp-content\/uploads\/2024\/05\/ai-generated-8704020_1280.jpg","contentUrl":"https:\/\/personal-polen.de\/wp-content\/uploads\/2024\/05\/ai-generated-8704020_1280.jpg","width":1280,"height":725,"caption":"Zeitarbeit Logistik"},{"@type":"BreadcrumbList","@id":"https:\/\/personal-polen.de\/2024\/05\/21\/potenzielle-nachteile-und-herausforderungen-bei-der-beschaeftigung-von-zeitarbeit-in-der-logistik\/#breadcrumb","itemListElement":[{"@type":"ListItem","position":1,"name":"Startseite","item":"https:\/\/personal-polen.de\/"},{"@type":"ListItem","position":2,"name":"Leiharbeiter in der Logistikbranche"}]},{"@type":"WebSite","@id":"https:\/\/personal-polen.de\/#website","url":"https:\/\/personal-polen.de\/","name":"Zamestnanci z Po\u013eska","description":"V\u00e1\u0161 \u0161pecialista na remeseln\u00edkov a subdod\u00e1vate\u013eov z Po\u013eska","publisher":{"@id":"https:\/\/personal-polen.de\/#organization"},"potentialAction":[{"@type":"SearchAction","target":{"@type":"EntryPoint","urlTemplate":"https:\/\/personal-polen.de\/?s={search_term_string}"},"query-input":{"@type":"PropertyValueSpecification","valueRequired":true,"valueName":"search_term_string"}}],"inLanguage":"sk-SK"},{"@type":"Organization","@id":"https:\/\/personal-polen.de\/#organization","name":"Zamestnanci z Po\u013eska","url":"https:\/\/personal-polen.de\/","logo":{"@type":"ImageObject","inLanguage":"sk-SK","@id":"https:\/\/personal-polen.de\/#\/schema\/logo\/image\/","url":"https:\/\/personal-polen.de\/wp-content\/uploads\/2019\/02\/pal_logo_2.png","contentUrl":"https:\/\/personal-polen.de\/wp-content\/uploads\/2019\/02\/pal_logo_2.png","width":250,"height":100,"caption":"Personal aus Polen"},"image":{"@id":"https:\/\/personal-polen.de\/#\/schema\/logo\/image\/"}},{"@type":"Person","@id":"https:\/\/personal-polen.de\/#\/schema\/person\/cc060cc282b90d581444e0570ce4ab16","name":"Redakcia"}]}},"_links":{"self":[{"href":"https:\/\/personal-polen.de\/sk\/wp-json\/wp\/v2\/posts\/2879","targetHints":{"allow":["GET"]}}],"collection":[{"href":"https:\/\/personal-polen.de\/sk\/wp-json\/wp\/v2\/posts"}],"about":[{"href":"https:\/\/personal-polen.de\/sk\/wp-json\/wp\/v2\/types\/post"}],"author":[{"embeddable":true,"href":"https:\/\/personal-polen.de\/sk\/wp-json\/wp\/v2\/users\/13"}],"replies":[{"embeddable":true,"href":"https:\/\/personal-polen.de\/sk\/wp-json\/wp\/v2\/comments?post=2879"}],"version-history":[{"count":1,"href":"https:\/\/personal-polen.de\/sk\/wp-json\/wp\/v2\/posts\/2879\/revisions"}],"predecessor-version":[{"id":4157,"href":"https:\/\/personal-polen.de\/sk\/wp-json\/wp\/v2\/posts\/2879\/revisions\/4157"}],"wp:featuredmedia":[{"embeddable":true,"href":"https:\/\/personal-polen.de\/sk\/wp-json\/wp\/v2\/media\/2881"}],"wp:attachment":[{"href":"https:\/\/personal-polen.de\/sk\/wp-json\/wp\/v2\/media?parent=2879"}],"wp:term":[{"taxonomy":"category","embeddable":true,"href":"https:\/\/personal-polen.de\/sk\/wp-json\/wp\/v2\/categories?post=2879"},{"taxonomy":"post_tag","embeddable":true,"href":"https:\/\/personal-polen.de\/sk\/wp-json\/wp\/v2\/tags?post=2879"}],"curies":[{"name":"wp","href":"https:\/\/api.w.org\/{rel}","templated":true}]}}