{"id":3213,"date":"2025-01-28T09:07:05","date_gmt":"2025-01-28T08:07:05","guid":{"rendered":"https:\/\/personal-polen.de\/?p=3213"},"modified":"2025-05-17T14:44:39","modified_gmt":"2025-05-17T12:44:39","slug":"vykaz-vymer-pri-stavebnych-pracach-v-interieri","status":"publish","type":"post","link":"https:\/\/personal-polen.de\/sk\/2025\/01\/28\/leistungsverzeichnis-im-bau-innenausbau\/","title":{"rendered":"V\u00fdkazy v\u00fdmer v stavebn\u00edctve a interi\u00e9rovom dizajne"},"content":{"rendered":"<h2 class=\"wp-block-heading\">\u010co je to v\u00fdkaz v\u00fdmer v stavebn\u00edctve?<\/h2>\r\n\r\n\r\n\r\n<p class=\"wp-block-paragraph\">V\u00fdkaz v\u00fdmer je d\u00f4le\u017eit\u00fdm krokom v ka\u017edom stavebnom projekte. \u010co presne v\u0161ak v\u00fdkaz v\u00fdmer obsahuje a pre\u010do je tak\u00fd d\u00f4le\u017eit\u00fd? Tu sa dozviete viac!<\/p>\r\n\r\n\r\n\r\n<p class=\"wp-block-paragraph\">Na str\u00e1nke <a href=\"https:\/\/personal-polen.de\/sk\/personalna-agentura-pre-stavebnictvo\/\">Stavebn\u00edctvo<\/a> V\u00fdkazy v\u00fdmer zohr\u00e1vaj\u00fa v stavebn\u00fdch projektoch \u00fastredn\u00fa \u00falohu. Ide o dokument, v ktorom s\u00fa uveden\u00e9 v\u0161etky stavebn\u00e9 slu\u017eby potrebn\u00e9 pre stavebn\u00fd projekt. Existuj\u00fa dva typy v\u00fdkazov v\u00fdmer: v\u00fdkazy v\u00fdmer \u0161pecifick\u00e9 pre jednotliv\u00e9 odbory a celkov\u00fd v\u00fdkaz v\u00fdmer. Rozdiel spo\u010d\u00edva v pr\u00edslu\u0161nom \u010dlenen\u00ed slu\u017eieb.<\/p>\r\n\r\n\r\n\r\n<ul class=\"wp-block-list\">\r\n<li>A <strong>V\u00fddajov\u00fd list \u0161pecifick\u00fd pre obchod<\/strong> obsahuje len slu\u017eby jedn\u00e9ho remesla, napr\u00edklad maliarske pr\u00e1ce alebo elektroin\u0161tal\u00e1cie. Pou\u017e\u00edva sa na v\u00fdberov\u00e9 konanie na slu\u017eby \u0161peci\u00e1lne pre \u0161pecializovan\u00e9 spolo\u010dnosti.<\/li>\r\n\r\n\r\n\r\n<li>A <strong>Celkov\u00fd katal\u00f3g slu\u017eieb<\/strong> na druhej strane sp\u00e1ja v\u0161etky \u010dinnosti zahrnut\u00e9 do projektu do jedn\u00e9ho dokumentu. Poskytuje teda \u00fapln\u00fd preh\u013ead o v\u0161etk\u00fdch pr\u00e1cach, ktor\u00e9 sa na projekte podie\u013eaj\u00fa.\u00a0<\/li>\r\n<\/ul>\r\n\r\n\r\n\r\n<p class=\"wp-block-paragraph\">V\u00fdkaz v\u00fdmer sa \u010dasto zostavuje na z\u00e1klade <a href=\"https:\/\/www.bmwsb.bund.de\/SharedDocs\/downloads\/Webs\/BMWSB\/DE\/veroeffentlichungen\/bauen\/vob-teil-a-abschnitt-1-2019.html\" target=\"_blank\" rel=\"noreferrer noopener\">Verejn\u00e9 obstar\u00e1vanie a zmluvn\u00e9 predpisy pre stavebn\u00e9 pr\u00e1ce (VOB)<\/a> vytvoren\u00e9. Tieto predpisy stanovuj\u00fa z\u00e1v\u00e4zn\u00e9 pravidl\u00e1 pre verejn\u00e9 obstar\u00e1vanie a zad\u00e1vanie z\u00e1kaziek na stavebn\u00e9 pr\u00e1ce.<\/p>\r\n\r\n\r\n\r\n<p class=\"wp-block-paragraph\">V\u00fdkaz v\u00fdmer zvy\u010dajne vyprac\u00favaj\u00fa architekti, stavebn\u00ed in\u017einieri alebo \u0161pecializovan\u00ed projektanti v \u00fazkej spolupr\u00e1ci s klientom a z\u00fa\u010dastnen\u00fdmi \u0161pecializovan\u00fdmi spolo\u010dnos\u0165ami. Ke\u010f\u017ee ide o ve\u013emi zlo\u017eit\u00fd dokument, je d\u00f4le\u017eit\u00e9, aby ho vypracovali odborn\u00edci v danej oblasti.<\/p>\r\n\r\n\r\n\r\n<h2 class=\"wp-block-heading\">Ak\u00fd v\u00fdznam m\u00e1 v\u00fdkaz v\u00fdmer?<\/h2>\r\n\r\n\r\n\r\n<p class=\"wp-block-paragraph\">V\u00fdkaz v\u00fdmer zabezpe\u010duje jasn\u00fa komunik\u00e1ciu medzi v\u0161etk\u00fdmi z\u00fa\u010dastnen\u00fdmi stranami, t. j. medzi klientom, projektantmi a stavebn\u00fdmi robotn\u00edkmi. Sl\u00fa\u017ei klientovi ako podklad na porovnanie in\u00fdch pon\u00fak, ktor\u00e9 s\u00fa tie\u017e predlo\u017een\u00e9 vo forme v\u00fdkazu v\u00fdmer.\u00a0<\/p>\r\n\r\n\r\n\r\n<p class=\"wp-block-paragraph\">Okrem toho starostlivo pripraven\u00fd brief predch\u00e1dza ak\u00fdmko\u013evek nedorozumeniam alebo dokonca sporom, preto\u017ee ka\u017ed\u00fd presne vie, ak\u00e9 s\u00fa o\u010dak\u00e1vania, n\u00e1klady a \u010dasov\u00fd r\u00e1mec.<\/p>\r\n\r\n\r\n\r\n<p class=\"wp-block-paragraph\">V\u00fdkaz v\u00fdmer je pre stavebn\u00fd projekt nevyhnutn\u00fd a je z\u00e1kladom v\u0161etkej transparentnosti a sledovate\u013enosti pri riaden\u00ed projektu. Stavebn\u00fd projekt m\u00f4\u017ee by\u0165 \u00faspe\u0161n\u00fd a plynul\u00fd len s presn\u00fdmi a profesion\u00e1lnymi \u0161pecifik\u00e1ciami.<\/p>\r\n\r\n\r\n\r\n<h2 class=\"wp-block-heading\">\u010co je obsahom v\u00fdkazu v\u00fdmer v stavebn\u00edctve?<\/h2>\r\n\r\n\r\n\r\n<p class=\"wp-block-paragraph\">\u010co presne v\u0161ak obsahuje v\u00fdkaz v\u00fdmer? Obvykle sa v\u00fdkaz v\u00fdmer sklad\u00e1 z t\u00fdchto prvkov:<\/p>\r\n\r\n\r\n\r\n<ul class=\"wp-block-list\">\r\n<li>Po prv\u00e9, je tu <strong>Popis projektu<\/strong>ktor\u00fd obsahuje aj inform\u00e1cie o klientovi a umiestnen\u00ed. Cie\u013eom je jasne definova\u0165 rozsah stavebn\u00e9ho projektu a poskytn\u00fa\u0165 preh\u013ead v\u0161etk\u00fdm z\u00fa\u010dastnen\u00fdm stran\u00e1m.<\/li>\r\n\r\n\r\n\r\n<li>Po \u0148om nasleduje najpodrobnej\u0161\u00ed <strong>Popis slu\u017eby<\/strong>. Obsahuje presn\u00fd opis v\u0161etk\u00fdch pr\u00e1c, ktor\u00e9 sa maj\u00fa vykona\u0165. Zah\u0155\u0148a aj podrobn\u00fd zoznam v\u0161etk\u00fdch pou\u017eit\u00fdch materi\u00e1lov. Uv\u00e1dzaj\u00fa sa aj inform\u00e1cie o mno\u017estve a kvalite materi\u00e1lov.<\/li>\r\n\r\n\r\n\r\n<li>Tie\u017e na<strong> Osobitn\u00e9 po\u017eiadavky<\/strong> ako s\u00fa konkr\u00e9tne predpisy, normy alebo stavebn\u00e9 met\u00f3dy, s\u00fa uveden\u00e9 v \u0161pecifik\u00e1ci\u00e1ch.<\/li>\r\n\r\n\r\n\r\n<li>Napokon, LV obsahuje aj najd\u00f4le\u017eitej\u0161ie \u010dasov\u00e9 inform\u00e1cie, t. j. <strong>Harmonogram v\u00fdstavby vr\u00e1tane v\u0161etk\u00fdch term\u00ednov.\u00a0<\/strong><\/li>\r\n<\/ul>\r\n\r\n\r\n\r\n<p class=\"wp-block-paragraph\">Ke\u010f\u017ee vytvorenie v\u00fdkazu v\u00fdmer si vy\u017eaduje vysok\u00fa \u00farove\u0148 presnosti a odbornosti, odpor\u00fa\u010da sa vyh\u013eada\u0165 odborn\u00fa pomoc. T\u00fdm sa zabezpe\u010d\u00ed dodr\u017eiavanie v\u0161etk\u00fdch pr\u00edslu\u0161n\u00fdch predpisov a pred\u00edde sa nedorozumeniam v procese v\u00fdstavby.<\/p>\r\n\r\n\r\n\r\n<h2 class=\"wp-block-heading\">Ak\u00e9 s\u00fa v\u00fdhody v\u00fdkazu v\u00fdmer?<\/h2>\r\n\r\n\r\n\r\n<p class=\"wp-block-paragraph\">Katal\u00f3g slu\u017eieb m\u00e1 mnoho v\u00fdhod:<\/p>\r\n\r\n\r\n\r\n<ul class=\"wp-block-list\">\r\n<li>Na jednej strane umo\u017e\u0148uje ve\u013emi presn\u00e9 <strong>Odhad vzniknut\u00fdch n\u00e1kladov<\/strong>. T\u00fdm sa LV st\u00e1va d\u00f4le\u017eitou s\u00fa\u010das\u0165ou kontroly rozpo\u010dtu.<\/li>\r\n\r\n\r\n\r\n<li>Po druh\u00e9, LV je z\u00e1kladom pre <strong>pr\u00e1vne z\u00e1v\u00e4zn\u00e9 zmluvy<\/strong>. V pr\u00edpade nezh\u00f4d sa jednotliv\u00e9 strany m\u00f4\u017eu odvola\u0165 na v\u00fdkaz v\u00fdmer - napr\u00edklad ak realiz\u00e1cia projektu trv\u00e1 dlh\u0161ie, ako bolo p\u00f4vodne uveden\u00e9 vo v\u00fdkaze v\u00fdmer, alebo ak sa zv\u00fd\u0161ia n\u00e1klady.<\/li>\r\n\r\n\r\n\r\n<li>A nakoniec, \u0161pecifik\u00e1cia slu\u017eby m\u00e1 tie\u017e za n\u00e1sledok, \u017ee vedie k <strong>zv\u00fd\u0161en\u00e1 \u00fa\u010dinnos\u0165<\/strong> vedie: Ke\u010f\u017ee je v\u0161etko na za\u010diatku d\u00f4kladne napl\u00e1novan\u00e9, nesk\u00f4r sa d\u00e1 pred\u00eds\u0165 chyb\u00e1m - a v najlep\u0161om pr\u00edpade sa projekt m\u00f4\u017ee dokon\u010di\u0165 v\u010das a pod\u013ea pl\u00e1nu!<\/li>\r\n<\/ul>\r\n\r\n\r\n\r\n<h2 class=\"wp-block-heading\">Zeitarbeit International - V\u00e1\u0161 poskytovate\u013e person\u00e1lnych slu\u017eieb v stavebn\u00edctve<\/h2>\r\n\r\n\r\n\r\n<p class=\"wp-block-paragraph\">V\u00fdkaz v\u00fdmer je nevyhnutnou s\u00fa\u010das\u0165ou ka\u017ed\u00e9ho stavebn\u00e9ho projektu. Rovnako d\u00f4le\u017eit\u00ed s\u00fa, samozrejme, aj kvalifikovan\u00ed robotn\u00edci, ktor\u00ed potom pl\u00e1n premenia na skuto\u010dnos\u0165. Ak v\u00e1m ch\u00fdba potrebn\u00e1 kvalifikovan\u00e1 pracovn\u00e1 sila - \u010do nie je z d\u00f4vodu nedostatku kvalifikovan\u00fdch pracovn\u00edkov ni\u010d\u00edm v\u00fdnimo\u010dn\u00fdm - potom v\u00e1m m\u00f4\u017eeme pom\u00f4c\u0165!\u00a0<\/p>\r\n\r\n\r\n\r\n<p class=\"wp-block-paragraph\">Sme poskytovate\u013e person\u00e1lnych slu\u017eieb, ktor\u00fd sa \u0161pecializuje na <a href=\"https:\/\/personal-polen.de\/sk\/pracovny-lizing-z-polska\/\">Do\u010dasn\u00e9 zamestnanie, <\/a><a href=\"https:\/\/personal-polen.de\/sk\/hlada-sa-subdodavatel\/\">Sprostredkovanie subdod\u00e1vate\u013eov<\/a> a <a href=\"https:\/\/personal-polen.de\/sk\/pracovne-zmluvy\/\">Zmluvy o dielo <\/a>je \u0161pecializovan\u00fd. Spoliehame sa predov\u0161etk\u00fdm na do\u010dasn\u00fdch zamestnancov z Po\u013eska a v\u00fdchodnej Eur\u00f3py.\u00a0<\/p>\r\n\r\n\r\n\r\n<p class=\"wp-block-paragraph\">Pom\u00f4\u017eeme v\u00e1m r\u00fdchlo a jednoducho n\u00e1js\u0165 kvalifikovan\u00fdch odborn\u00edkov z najr\u00f4znej\u0161\u00edch oblast\u00ed. <a href=\"https:\/\/personal-polen.de\/sk\/subdodavatelskych-docasnych-pracovnikov-z-priemyselnych-odvetvi\/\">Odvetvia<\/a> pr\u00eds\u0165 - aj z <a href=\"https:\/\/personal-polen.de\/sk\/personalna-agentura-pre-stavebnictvo\/\">Stavebn\u00edctvo<\/a>! Ak m\u00e1te ak\u00e9ko\u013evek ot\u00e1zky t\u00fdkaj\u00face sa do\u010dasnej pr\u00e1ce alebo \u0161pecifik\u00e1ci\u00ed v oblasti stavebn\u00edctva a interi\u00e9rov\u00e9ho dizajnu, obr\u00e1\u0165te sa na n\u00e1\u0161 t\u00edm. Odpovieme v\u00e1m do jedn\u00e9ho pracovn\u00e9ho d\u0148a - a radi v\u00e1m poskytneme nez\u00e1v\u00e4zn\u00fa ponuku na n\u00e1bor brig\u00e1dnikov z v\u00fdchodnej Eur\u00f3py pre va\u0161u spolo\u010dnos\u0165!\u00a0<\/p>\r\n\r\n\r\n\r\n\r\n\r\n<div class=\"wp-block-buttons is-layout-flex wp-block-buttons-is-layout-flex\">\r\n<div class=\"wp-block-button\"><a class=\"wp-block-button__link has-vivid-red-background-color has-background wp-element-button\" href=\"https:\/\/personal-polen.de\/sk\/kontakt\/\">Kontaktujte n\u00e1s<\/a><\/div>\r\n<\/div>","protected":false},"excerpt":{"rendered":"<p>Was ist ein Leistungsverzeichnis im Bauwesen? Ein Leistungsverzeichnis ist ein wichtiger Schritt in jedem Bauvorhaben. Doch was genau steht in einem Leistungsverzeichnis \u2013 und warum ist es so wichtig? Hier erfahren Sie mehr! Im Bauwesen spielen Leistungsverzeichnisse eine zentrale Rolle. Es handelt sich um ein Dokument, das alle erforderlichen Bauleistungen eines Bauvorhabens auflistet. Es gibt [&hellip;]<\/p>\n","protected":false},"author":13,"featured_media":3215,"comment_status":"closed","ping_status":"open","sticky":false,"template":"","format":"standard","meta":{"footnotes":""},"categories":[44],"tags":[],"class_list":["post-3213","post","type-post","status-publish","format-standard","has-post-thumbnail","hentry","category-bauwesen-rechtliches"],"yoast_head":"<!-- This site is optimized with the Yoast SEO Premium plugin v28.0 (Yoast SEO v28.0) - https:\/\/yoast.com\/product\/yoast-seo-premium-wordpress\/ -->\n<title>Leistungsverzeichnis im Bau: Darauf m\u00fcssen Sie achten!<\/title>\n<meta name=\"description\" content=\"Leistungsverzeichnisse (LV) sind ein wichtiger Bestandteil eines jeden Bauvorhabens. Inhalt &amp; Bedeutung von Leistungsverzeichnis\" \/>\n<meta name=\"robots\" content=\"index, follow, max-snippet:-1, max-image-preview:large, max-video-preview:-1\" \/>\n<link rel=\"canonical\" href=\"https:\/\/personal-polen.de\/sk\/2025\/01\/28\/vykaz-vymer-pri-stavebnych-pracach-v-interieri\/\" \/>\n<meta property=\"og:locale\" content=\"sk_SK\" \/>\n<meta property=\"og:type\" content=\"article\" \/>\n<meta property=\"og:title\" content=\"Leistungsverzeichnis im Bau &amp; Innenausbau\" \/>\n<meta property=\"og:description\" content=\"Leistungsverzeichnisse (LV) sind ein wichtiger Bestandteil eines jeden Bauvorhabens. Inhalt &amp; Bedeutung von Leistungsverzeichnis\" \/>\n<meta property=\"og:url\" content=\"https:\/\/personal-polen.de\/sk\/2025\/01\/28\/vykaz-vymer-pri-stavebnych-pracach-v-interieri\/\" \/>\n<meta property=\"og:site_name\" content=\"Personal aus Polen\" \/>\n<meta property=\"article:published_time\" content=\"2025-01-28T08:07:05+00:00\" \/>\n<meta property=\"article:modified_time\" content=\"2025-05-17T12:44:39+00:00\" \/>\n<meta property=\"og:image\" content=\"https:\/\/personal-polen.de\/wp-content\/uploads\/2025\/01\/istock-164852682.jpg\" \/>\n\t<meta property=\"og:image:width\" content=\"2089\" \/>\n\t<meta property=\"og:image:height\" content=\"1434\" \/>\n\t<meta property=\"og:image:type\" content=\"image\/jpeg\" \/>\n<meta name=\"author\" content=\"Redaktion\" \/>\n<meta name=\"twitter:card\" content=\"summary_large_image\" \/>\n<meta name=\"twitter:label1\" content=\"Autor\" \/>\n\t<meta name=\"twitter:data1\" content=\"Redaktion\" \/>\n\t<meta name=\"twitter:label2\" content=\"Predpokladan\u00fd \u010das \u010d\u00edtania\" \/>\n\t<meta name=\"twitter:data2\" content=\"5 min\u00fat\" \/>\n<script type=\"application\/ld+json\" class=\"yoast-schema-graph\">{\"@context\":\"https:\\\/\\\/schema.org\",\"@graph\":[{\"@type\":\"Article\",\"@id\":\"https:\\\/\\\/personal-polen.de\\\/2025\\\/01\\\/28\\\/leistungsverzeichnis-im-bau-innenausbau\\\/#article\",\"isPartOf\":{\"@id\":\"https:\\\/\\\/personal-polen.de\\\/2025\\\/01\\\/28\\\/leistungsverzeichnis-im-bau-innenausbau\\\/\"},\"author\":{\"name\":\"Redaktion\",\"@id\":\"https:\\\/\\\/personal-polen.de\\\/#\\\/schema\\\/person\\\/d0b169025f5254b59b8dda54eb80e781\"},\"headline\":\"Leistungsverzeichnis im Bau &#038; Innenausbau\",\"datePublished\":\"2025-01-28T08:07:05+00:00\",\"dateModified\":\"2025-05-17T12:44:39+00:00\",\"mainEntityOfPage\":{\"@id\":\"https:\\\/\\\/personal-polen.de\\\/2025\\\/01\\\/28\\\/leistungsverzeichnis-im-bau-innenausbau\\\/\"},\"wordCount\":758,\"publisher\":{\"@id\":\"https:\\\/\\\/personal-polen.de\\\/#organization\"},\"image\":{\"@id\":\"https:\\\/\\\/personal-polen.de\\\/2025\\\/01\\\/28\\\/leistungsverzeichnis-im-bau-innenausbau\\\/#primaryimage\"},\"thumbnailUrl\":\"https:\\\/\\\/personal-polen.de\\\/wp-content\\\/uploads\\\/2025\\\/01\\\/istock-164852682.jpg\",\"articleSection\":[\"Bauwesen Rechtliches\"],\"inLanguage\":\"sk-SK\"},{\"@type\":[\"WebPage\",\"ItemPage\"],\"@id\":\"https:\\\/\\\/personal-polen.de\\\/2025\\\/01\\\/28\\\/leistungsverzeichnis-im-bau-innenausbau\\\/\",\"url\":\"https:\\\/\\\/personal-polen.de\\\/2025\\\/01\\\/28\\\/leistungsverzeichnis-im-bau-innenausbau\\\/\",\"name\":\"Leistungsverzeichnis im Bau: Darauf m\u00fcssen Sie achten!\",\"isPartOf\":{\"@id\":\"https:\\\/\\\/personal-polen.de\\\/#website\"},\"primaryImageOfPage\":{\"@id\":\"https:\\\/\\\/personal-polen.de\\\/2025\\\/01\\\/28\\\/leistungsverzeichnis-im-bau-innenausbau\\\/#primaryimage\"},\"image\":{\"@id\":\"https:\\\/\\\/personal-polen.de\\\/2025\\\/01\\\/28\\\/leistungsverzeichnis-im-bau-innenausbau\\\/#primaryimage\"},\"thumbnailUrl\":\"https:\\\/\\\/personal-polen.de\\\/wp-content\\\/uploads\\\/2025\\\/01\\\/istock-164852682.jpg\",\"datePublished\":\"2025-01-28T08:07:05+00:00\",\"dateModified\":\"2025-05-17T12:44:39+00:00\",\"description\":\"Leistungsverzeichnisse (LV) sind ein wichtiger Bestandteil eines jeden Bauvorhabens. Inhalt & Bedeutung von Leistungsverzeichnis\",\"breadcrumb\":{\"@id\":\"https:\\\/\\\/personal-polen.de\\\/2025\\\/01\\\/28\\\/leistungsverzeichnis-im-bau-innenausbau\\\/#breadcrumb\"},\"inLanguage\":\"sk-SK\",\"potentialAction\":[{\"@type\":\"ReadAction\",\"target\":[\"https:\\\/\\\/personal-polen.de\\\/2025\\\/01\\\/28\\\/leistungsverzeichnis-im-bau-innenausbau\\\/\"]}]},{\"@type\":\"ImageObject\",\"inLanguage\":\"sk-SK\",\"@id\":\"https:\\\/\\\/personal-polen.de\\\/2025\\\/01\\\/28\\\/leistungsverzeichnis-im-bau-innenausbau\\\/#primaryimage\",\"url\":\"https:\\\/\\\/personal-polen.de\\\/wp-content\\\/uploads\\\/2025\\\/01\\\/istock-164852682.jpg\",\"contentUrl\":\"https:\\\/\\\/personal-polen.de\\\/wp-content\\\/uploads\\\/2025\\\/01\\\/istock-164852682.jpg\",\"width\":2089,\"height\":1434,\"caption\":\"leistungsverzeichnis Bau\"},{\"@type\":\"BreadcrumbList\",\"@id\":\"https:\\\/\\\/personal-polen.de\\\/2025\\\/01\\\/28\\\/leistungsverzeichnis-im-bau-innenausbau\\\/#breadcrumb\",\"itemListElement\":[{\"@type\":\"ListItem\",\"position\":1,\"name\":\"Startseite\",\"item\":\"https:\\\/\\\/personal-polen.de\\\/\"},{\"@type\":\"ListItem\",\"position\":2,\"name\":\"Leistungsverzeichnis im Bau &#038; Innenausbau\"}]},{\"@type\":\"WebSite\",\"@id\":\"https:\\\/\\\/personal-polen.de\\\/#website\",\"url\":\"https:\\\/\\\/personal-polen.de\\\/\",\"name\":\"Personal aus Polen\",\"description\":\"Ihr Spezialist f\u00fcr Handwerker und Subunternehmer aus Polen\",\"publisher\":{\"@id\":\"https:\\\/\\\/personal-polen.de\\\/#organization\"},\"potentialAction\":[{\"@type\":\"SearchAction\",\"target\":{\"@type\":\"EntryPoint\",\"urlTemplate\":\"https:\\\/\\\/personal-polen.de\\\/?s={search_term_string}\"},\"query-input\":{\"@type\":\"PropertyValueSpecification\",\"valueRequired\":true,\"valueName\":\"search_term_string\"}}],\"inLanguage\":\"sk-SK\"},{\"@type\":\"Organization\",\"@id\":\"https:\\\/\\\/personal-polen.de\\\/#organization\",\"name\":\"Personal aus Polen\",\"url\":\"https:\\\/\\\/personal-polen.de\\\/\",\"logo\":{\"@type\":\"ImageObject\",\"inLanguage\":\"sk-SK\",\"@id\":\"https:\\\/\\\/personal-polen.de\\\/#\\\/schema\\\/logo\\\/image\\\/\",\"url\":\"https:\\\/\\\/personal-polen.de\\\/wp-content\\\/uploads\\\/2019\\\/02\\\/pal_logo_2.png\",\"contentUrl\":\"https:\\\/\\\/personal-polen.de\\\/wp-content\\\/uploads\\\/2019\\\/02\\\/pal_logo_2.png\",\"width\":250,\"height\":100,\"caption\":\"Personal aus Polen\"},\"image\":{\"@id\":\"https:\\\/\\\/personal-polen.de\\\/#\\\/schema\\\/logo\\\/image\\\/\"}},{\"@type\":\"Person\",\"@id\":\"https:\\\/\\\/personal-polen.de\\\/#\\\/schema\\\/person\\\/d0b169025f5254b59b8dda54eb80e781\",\"name\":\"Redaktion\"}]}<\/script>\n<!-- \/ Yoast SEO Premium plugin. -->","yoast_head_json":{"title":"V\u00fdkazy v\u00fdmer v stavebn\u00edctve: Na \u010do si treba da\u0165 pozor!","description":"V\u00fdkazy v\u00fdmer (VV) s\u00fa d\u00f4le\u017eitou s\u00fa\u010das\u0165ou ka\u017ed\u00e9ho stavebn\u00e9ho projektu. Obsah a v\u00fdznam v\u00fdkazu v\u00fdmer","robots":{"index":"index","follow":"follow","max-snippet":"max-snippet:-1","max-image-preview":"max-image-preview:large","max-video-preview":"max-video-preview:-1"},"canonical":"https:\/\/personal-polen.de\/sk\/2025\/01\/28\/vykaz-vymer-pri-stavebnych-pracach-v-interieri\/","og_locale":"sk_SK","og_type":"article","og_title":"Leistungsverzeichnis im Bau & Innenausbau","og_description":"Leistungsverzeichnisse (LV) sind ein wichtiger Bestandteil eines jeden Bauvorhabens. Inhalt & Bedeutung von Leistungsverzeichnis","og_url":"https:\/\/personal-polen.de\/sk\/2025\/01\/28\/vykaz-vymer-pri-stavebnych-pracach-v-interieri\/","og_site_name":"Personal aus Polen","article_published_time":"2025-01-28T08:07:05+00:00","article_modified_time":"2025-05-17T12:44:39+00:00","og_image":[{"width":2089,"height":1434,"url":"https:\/\/personal-polen.de\/wp-content\/uploads\/2025\/01\/istock-164852682.jpg","type":"image\/jpeg"}],"author":"Redaktion","twitter_card":"summary_large_image","twitter_misc":{"Autor":"Redaktion","Predpokladan\u00fd \u010das \u010d\u00edtania":"5 min\u00fat"},"schema":{"@context":"https:\/\/schema.org","@graph":[{"@type":"Article","@id":"https:\/\/personal-polen.de\/2025\/01\/28\/leistungsverzeichnis-im-bau-innenausbau\/#article","isPartOf":{"@id":"https:\/\/personal-polen.de\/2025\/01\/28\/leistungsverzeichnis-im-bau-innenausbau\/"},"author":{"name":"Redaktion","@id":"https:\/\/personal-polen.de\/#\/schema\/person\/d0b169025f5254b59b8dda54eb80e781"},"headline":"Leistungsverzeichnis im Bau &#038; Innenausbau","datePublished":"2025-01-28T08:07:05+00:00","dateModified":"2025-05-17T12:44:39+00:00","mainEntityOfPage":{"@id":"https:\/\/personal-polen.de\/2025\/01\/28\/leistungsverzeichnis-im-bau-innenausbau\/"},"wordCount":758,"publisher":{"@id":"https:\/\/personal-polen.de\/#organization"},"image":{"@id":"https:\/\/personal-polen.de\/2025\/01\/28\/leistungsverzeichnis-im-bau-innenausbau\/#primaryimage"},"thumbnailUrl":"https:\/\/personal-polen.de\/wp-content\/uploads\/2025\/01\/istock-164852682.jpg","articleSection":["Bauwesen Rechtliches"],"inLanguage":"sk-SK"},{"@type":["WebPage","ItemPage"],"@id":"https:\/\/personal-polen.de\/2025\/01\/28\/leistungsverzeichnis-im-bau-innenausbau\/","url":"https:\/\/personal-polen.de\/2025\/01\/28\/leistungsverzeichnis-im-bau-innenausbau\/","name":"V\u00fdkazy v\u00fdmer v stavebn\u00edctve: Na \u010do si treba da\u0165 pozor!","isPartOf":{"@id":"https:\/\/personal-polen.de\/#website"},"primaryImageOfPage":{"@id":"https:\/\/personal-polen.de\/2025\/01\/28\/leistungsverzeichnis-im-bau-innenausbau\/#primaryimage"},"image":{"@id":"https:\/\/personal-polen.de\/2025\/01\/28\/leistungsverzeichnis-im-bau-innenausbau\/#primaryimage"},"thumbnailUrl":"https:\/\/personal-polen.de\/wp-content\/uploads\/2025\/01\/istock-164852682.jpg","datePublished":"2025-01-28T08:07:05+00:00","dateModified":"2025-05-17T12:44:39+00:00","description":"V\u00fdkazy v\u00fdmer (VV) s\u00fa d\u00f4le\u017eitou s\u00fa\u010das\u0165ou ka\u017ed\u00e9ho stavebn\u00e9ho projektu. Obsah a v\u00fdznam v\u00fdkazu v\u00fdmer","breadcrumb":{"@id":"https:\/\/personal-polen.de\/2025\/01\/28\/leistungsverzeichnis-im-bau-innenausbau\/#breadcrumb"},"inLanguage":"sk-SK","potentialAction":[{"@type":"ReadAction","target":["https:\/\/personal-polen.de\/2025\/01\/28\/leistungsverzeichnis-im-bau-innenausbau\/"]}]},{"@type":"ImageObject","inLanguage":"sk-SK","@id":"https:\/\/personal-polen.de\/2025\/01\/28\/leistungsverzeichnis-im-bau-innenausbau\/#primaryimage","url":"https:\/\/personal-polen.de\/wp-content\/uploads\/2025\/01\/istock-164852682.jpg","contentUrl":"https:\/\/personal-polen.de\/wp-content\/uploads\/2025\/01\/istock-164852682.jpg","width":2089,"height":1434,"caption":"leistungsverzeichnis Bau"},{"@type":"BreadcrumbList","@id":"https:\/\/personal-polen.de\/2025\/01\/28\/leistungsverzeichnis-im-bau-innenausbau\/#breadcrumb","itemListElement":[{"@type":"ListItem","position":1,"name":"Startseite","item":"https:\/\/personal-polen.de\/"},{"@type":"ListItem","position":2,"name":"Leistungsverzeichnis im Bau &#038; Innenausbau"}]},{"@type":"WebSite","@id":"https:\/\/personal-polen.de\/#website","url":"https:\/\/personal-polen.de\/","name":"Zamestnanci z Po\u013eska","description":"V\u00e1\u0161 \u0161pecialista na remeseln\u00edkov a subdod\u00e1vate\u013eov z Po\u013eska","publisher":{"@id":"https:\/\/personal-polen.de\/#organization"},"potentialAction":[{"@type":"SearchAction","target":{"@type":"EntryPoint","urlTemplate":"https:\/\/personal-polen.de\/?s={search_term_string}"},"query-input":{"@type":"PropertyValueSpecification","valueRequired":true,"valueName":"search_term_string"}}],"inLanguage":"sk-SK"},{"@type":"Organization","@id":"https:\/\/personal-polen.de\/#organization","name":"Zamestnanci z Po\u013eska","url":"https:\/\/personal-polen.de\/","logo":{"@type":"ImageObject","inLanguage":"sk-SK","@id":"https:\/\/personal-polen.de\/#\/schema\/logo\/image\/","url":"https:\/\/personal-polen.de\/wp-content\/uploads\/2019\/02\/pal_logo_2.png","contentUrl":"https:\/\/personal-polen.de\/wp-content\/uploads\/2019\/02\/pal_logo_2.png","width":250,"height":100,"caption":"Personal aus Polen"},"image":{"@id":"https:\/\/personal-polen.de\/#\/schema\/logo\/image\/"}},{"@type":"Person","@id":"https:\/\/personal-polen.de\/#\/schema\/person\/d0b169025f5254b59b8dda54eb80e781","name":"Redakcia"}]}},"_links":{"self":[{"href":"https:\/\/personal-polen.de\/sk\/wp-json\/wp\/v2\/posts\/3213","targetHints":{"allow":["GET"]}}],"collection":[{"href":"https:\/\/personal-polen.de\/sk\/wp-json\/wp\/v2\/posts"}],"about":[{"href":"https:\/\/personal-polen.de\/sk\/wp-json\/wp\/v2\/types\/post"}],"author":[{"embeddable":true,"href":"https:\/\/personal-polen.de\/sk\/wp-json\/wp\/v2\/users\/13"}],"replies":[{"embeddable":true,"href":"https:\/\/personal-polen.de\/sk\/wp-json\/wp\/v2\/comments?post=3213"}],"version-history":[{"count":2,"href":"https:\/\/personal-polen.de\/sk\/wp-json\/wp\/v2\/posts\/3213\/revisions"}],"predecessor-version":[{"id":4174,"href":"https:\/\/personal-polen.de\/sk\/wp-json\/wp\/v2\/posts\/3213\/revisions\/4174"}],"wp:featuredmedia":[{"embeddable":true,"href":"https:\/\/personal-polen.de\/sk\/wp-json\/wp\/v2\/media\/3215"}],"wp:attachment":[{"href":"https:\/\/personal-polen.de\/sk\/wp-json\/wp\/v2\/media?parent=3213"}],"wp:term":[{"taxonomy":"category","embeddable":true,"href":"https:\/\/personal-polen.de\/sk\/wp-json\/wp\/v2\/categories?post=3213"},{"taxonomy":"post_tag","embeddable":true,"href":"https:\/\/personal-polen.de\/sk\/wp-json\/wp\/v2\/tags?post=3213"}],"curies":[{"name":"wp","href":"https:\/\/api.w.org\/{rel}","templated":true}]}}